{"id":30374,"date":"2025-06-07T04:00:00","date_gmt":"2025-06-07T04:00:00","guid":{"rendered":"https:\/\/trayectoriadeportiva.com\/index.php\/2025\/06\/07\/soy-espanol-a-que-quereis-que-os-gane\/"},"modified":"2025-06-07T04:00:00","modified_gmt":"2025-06-07T04:00:00","slug":"soy-espanol-a-que-quereis-que-os-gane","status":"publish","type":"post","link":"https:\/\/trayectoriadeportiva.com\/index.php\/2025\/06\/07\/soy-espanol-a-que-quereis-que-os-gane\/","title":{"rendered":"\u00a1Soy espa\u00f1ol! \u00bfA qu\u00e9 quer\u00e9is que os gane?"},"content":{"rendered":"<p>En una semana tres ejemplos que nos recuerdan que el futbol quedar\u00eda en nada si dejara de reinar en el vol\u00e1til, tormentoso y contradictorio mundo de lo afectivo. Por orden cronol\u00f3gico y por motivos diferentes: Luis Enrique, Joan Garcia y Lamine Yamal.<\/p>\n<p><a href=\"https:\/\/www.lavanguardia.com\/deportes\/20250607\/10763773\/espanol-que-quereis-gane.html\">Seguir leyendo&#8230;<\/a><\/p>","protected":false},"excerpt":{"rendered":"<p>En una semana tres ejemplos que nos recuerdan que el futbol quedar\u00eda en nada si dejara de reinar en el vol\u00e1til, tormentoso y contradictorio mundo de lo afectivo. Por orden cronol\u00f3gico y por motivos diferentes: Luis Enrique, Joan Garcia y Lamine Yamal. Seguir leyendo&#8230;<\/p>\n","protected":false},"author":1,"featured_media":30375,"comment_status":"","ping_status":"","sticky":false,"template":"","format":"standard","meta":{"_et_pb_use_builder":"","_et_pb_old_content":"","_et_gb_content_width":"","footnotes":""},"categories":[1],"tags":[],"class_list":["post-30374","post","type-post","status-publish","format-standard","has-post-thumbnail","hentry","category-blog","et-has-post-format-content","et_post_format-et-post-format-standard"],"_links":{"self":[{"href":"https:\/\/trayectoriadeportiva.com\/index.php\/wp-json\/wp\/v2\/posts\/30374","targetHints":{"allow":["GET"]}}],"collection":[{"href":"https:\/\/trayectoriadeportiva.com\/index.php\/wp-json\/wp\/v2\/posts"}],"about":[{"href":"https:\/\/trayectoriadeportiva.com\/index.php\/wp-json\/wp\/v2\/types\/post"}],"author":[{"embeddable":true,"href":"https:\/\/trayectoriadeportiva.com\/index.php\/wp-json\/wp\/v2\/users\/1"}],"replies":[{"embeddable":true,"href":"https:\/\/trayectoriadeportiva.com\/index.php\/wp-json\/wp\/v2\/comments?post=30374"}],"version-history":[{"count":0,"href":"https:\/\/trayectoriadeportiva.com\/index.php\/wp-json\/wp\/v2\/posts\/30374\/revisions"}],"wp:featuredmedia":[{"embeddable":true,"href":"https:\/\/trayectoriadeportiva.com\/index.php\/wp-json\/wp\/v2\/media\/30375"}],"wp:attachment":[{"href":"https:\/\/trayectoriadeportiva.com\/index.php\/wp-json\/wp\/v2\/media?parent=30374"}],"wp:term":[{"taxonomy":"category","embeddable":true,"href":"https:\/\/trayectoriadeportiva.com\/index.php\/wp-json\/wp\/v2\/categories?post=30374"},{"taxonomy":"post_tag","embeddable":true,"href":"https:\/\/trayectoriadeportiva.com\/index.php\/wp-json\/wp\/v2\/tags?post=30374"}],"curies":[{"name":"wp","href":"https:\/\/api.w.org\/{rel}","templated":true}]}}