{"id":30471,"date":"2025-06-09T10:00:21","date_gmt":"2025-06-09T10:00:21","guid":{"rendered":"https:\/\/trayectoriadeportiva.com\/index.php\/2025\/06\/09\/el-mundo-se-rinde-a-alcaraz-un-verdadero-milagro-de-clase-y-voluntad\/"},"modified":"2025-06-09T10:00:21","modified_gmt":"2025-06-09T10:00:21","slug":"el-mundo-se-rinde-a-alcaraz-un-verdadero-milagro-de-clase-y-voluntad","status":"publish","type":"post","link":"https:\/\/trayectoriadeportiva.com\/index.php\/2025\/06\/09\/el-mundo-se-rinde-a-alcaraz-un-verdadero-milagro-de-clase-y-voluntad\/","title":{"rendered":"El mundo se rinde a Alcaraz: \u201cUn verdadero milagro de clase y voluntad\u201d"},"content":{"rendered":"<p>Un nombre y una imagen acaparan las grandes cabeceras de los peri\u00f3dicos espa\u00f1oles este lunes, tambi\u00e9n algunos de los m\u00e1s prestigiosos diarios internacionales. Se trata de <a href=\"https:\/\/www.lavanguardia.com\/deportes\/tenis\/20250608\/10766743\/roland-garros-final-alcaraz-sinner.html\">Carlos Alcaraz y su espectacular triunfo<\/a>, el segundo de su corta pero ya brutal carrera, en la final de Roland Garros ante un adversario de su altura como Jannik Sinner.<\/p>\n<p><a href=\"https:\/\/www.lavanguardia.com\/deportes\/tenis\/20250609\/10768265\/revista-prensa-mundo-rinde-alcaraz-verdadero-milagro-clase-voluntad-roland-garros-sinner.html\">Seguir leyendo&#8230;<\/a><\/p>","protected":false},"excerpt":{"rendered":"<p>Un nombre y una imagen acaparan las grandes cabeceras de los peri\u00f3dicos espa\u00f1oles este lunes, tambi\u00e9n algunos de los m\u00e1s prestigiosos diarios internacionales. Se trata de Carlos Alcaraz y su espectacular triunfo, el segundo de su corta pero ya brutal carrera, en la final de Roland Garros ante un adversario de su altura como Jannik [&hellip;]<\/p>\n","protected":false},"author":1,"featured_media":30472,"comment_status":"","ping_status":"","sticky":false,"template":"","format":"standard","meta":{"_et_pb_use_builder":"","_et_pb_old_content":"","_et_gb_content_width":"","footnotes":""},"categories":[1],"tags":[],"class_list":["post-30471","post","type-post","status-publish","format-standard","has-post-thumbnail","hentry","category-blog","et-has-post-format-content","et_post_format-et-post-format-standard"],"_links":{"self":[{"href":"https:\/\/trayectoriadeportiva.com\/index.php\/wp-json\/wp\/v2\/posts\/30471","targetHints":{"allow":["GET"]}}],"collection":[{"href":"https:\/\/trayectoriadeportiva.com\/index.php\/wp-json\/wp\/v2\/posts"}],"about":[{"href":"https:\/\/trayectoriadeportiva.com\/index.php\/wp-json\/wp\/v2\/types\/post"}],"author":[{"embeddable":true,"href":"https:\/\/trayectoriadeportiva.com\/index.php\/wp-json\/wp\/v2\/users\/1"}],"replies":[{"embeddable":true,"href":"https:\/\/trayectoriadeportiva.com\/index.php\/wp-json\/wp\/v2\/comments?post=30471"}],"version-history":[{"count":0,"href":"https:\/\/trayectoriadeportiva.com\/index.php\/wp-json\/wp\/v2\/posts\/30471\/revisions"}],"wp:featuredmedia":[{"embeddable":true,"href":"https:\/\/trayectoriadeportiva.com\/index.php\/wp-json\/wp\/v2\/media\/30472"}],"wp:attachment":[{"href":"https:\/\/trayectoriadeportiva.com\/index.php\/wp-json\/wp\/v2\/media?parent=30471"}],"wp:term":[{"taxonomy":"category","embeddable":true,"href":"https:\/\/trayectoriadeportiva.com\/index.php\/wp-json\/wp\/v2\/categories?post=30471"},{"taxonomy":"post_tag","embeddable":true,"href":"https:\/\/trayectoriadeportiva.com\/index.php\/wp-json\/wp\/v2\/tags?post=30471"}],"curies":[{"name":"wp","href":"https:\/\/api.w.org\/{rel}","templated":true}]}}