{"id":30489,"date":"2025-06-09T15:49:14","date_gmt":"2025-06-09T15:49:14","guid":{"rendered":"https:\/\/trayectoriadeportiva.com\/index.php\/2025\/06\/09\/alcaraz-un-diez-como-profesional\/"},"modified":"2025-06-09T15:49:14","modified_gmt":"2025-06-09T15:49:14","slug":"alcaraz-un-diez-como-profesional","status":"publish","type":"post","link":"https:\/\/trayectoriadeportiva.com\/index.php\/2025\/06\/09\/alcaraz-un-diez-como-profesional\/","title":{"rendered":"\u201c\u00bfAlcaraz? Un diez como profesional\u201d"},"content":{"rendered":"<p>Un f\u00edsico privilegiado, una mu\u00f1eca de oro y una mentalidad de hierro. Ingredientes de primera magnitud con los que Carlos Alcaraz dej\u00f3 alucinados a todo el mundo del tenis, en especial a exjugadores que saben lo que supone estar ah\u00ed batallando sobre la arena. Una de las mejores finales jam\u00e1s vista despert\u00f3 los mayores elogios de tenistas de la talla de Agassi o John McEnroe y tambi\u00e9n de exjugadores que conocen m\u00e1s de cerca al murciano como Sergi Bruguera, Jordi Arrese, David Ferrer o Tom\u00e0s Carbonell, los cuatro contactados a tal efecto por<i> La Vanguardia. <\/i><\/p>\n<p><a href=\"https:\/\/www.lavanguardia.com\/deportes\/20250609\/10770255\/alcaraz-diez-profesional.html\">Seguir leyendo&#8230;<\/a><\/p>","protected":false},"excerpt":{"rendered":"<p>Un f\u00edsico privilegiado, una mu\u00f1eca de oro y una mentalidad de hierro. Ingredientes de primera magnitud con los que Carlos Alcaraz dej\u00f3 alucinados a todo el mundo del tenis, en especial a exjugadores que saben lo que supone estar ah\u00ed batallando sobre la arena. Una de las mejores finales jam\u00e1s vista despert\u00f3 los mayores elogios [&hellip;]<\/p>\n","protected":false},"author":1,"featured_media":30490,"comment_status":"","ping_status":"","sticky":false,"template":"","format":"standard","meta":{"_et_pb_use_builder":"","_et_pb_old_content":"","_et_gb_content_width":"","footnotes":""},"categories":[1],"tags":[],"class_list":["post-30489","post","type-post","status-publish","format-standard","has-post-thumbnail","hentry","category-blog","et-has-post-format-content","et_post_format-et-post-format-standard"],"_links":{"self":[{"href":"https:\/\/trayectoriadeportiva.com\/index.php\/wp-json\/wp\/v2\/posts\/30489","targetHints":{"allow":["GET"]}}],"collection":[{"href":"https:\/\/trayectoriadeportiva.com\/index.php\/wp-json\/wp\/v2\/posts"}],"about":[{"href":"https:\/\/trayectoriadeportiva.com\/index.php\/wp-json\/wp\/v2\/types\/post"}],"author":[{"embeddable":true,"href":"https:\/\/trayectoriadeportiva.com\/index.php\/wp-json\/wp\/v2\/users\/1"}],"replies":[{"embeddable":true,"href":"https:\/\/trayectoriadeportiva.com\/index.php\/wp-json\/wp\/v2\/comments?post=30489"}],"version-history":[{"count":0,"href":"https:\/\/trayectoriadeportiva.com\/index.php\/wp-json\/wp\/v2\/posts\/30489\/revisions"}],"wp:featuredmedia":[{"embeddable":true,"href":"https:\/\/trayectoriadeportiva.com\/index.php\/wp-json\/wp\/v2\/media\/30490"}],"wp:attachment":[{"href":"https:\/\/trayectoriadeportiva.com\/index.php\/wp-json\/wp\/v2\/media?parent=30489"}],"wp:term":[{"taxonomy":"category","embeddable":true,"href":"https:\/\/trayectoriadeportiva.com\/index.php\/wp-json\/wp\/v2\/categories?post=30489"},{"taxonomy":"post_tag","embeddable":true,"href":"https:\/\/trayectoriadeportiva.com\/index.php\/wp-json\/wp\/v2\/tags?post=30489"}],"curies":[{"name":"wp","href":"https:\/\/api.w.org\/{rel}","templated":true}]}}