{"id":30525,"date":"2025-06-10T17:23:59","date_gmt":"2025-06-10T17:23:59","guid":{"rendered":"https:\/\/trayectoriadeportiva.com\/index.php\/2025\/06\/10\/barcelona-una-ciudad-unida-por-el-deporte\/"},"modified":"2025-06-10T17:23:59","modified_gmt":"2025-06-10T17:23:59","slug":"barcelona-una-ciudad-unida-por-el-deporte","status":"publish","type":"post","link":"https:\/\/trayectoriadeportiva.com\/index.php\/2025\/06\/10\/barcelona-una-ciudad-unida-por-el-deporte\/","title":{"rendered":"Barcelona, una ciudad unida por el deporte"},"content":{"rendered":"<p>Los Juegos de 1992 situaron en el mapa a Barcelona y desde la cita ol\u00edmpica la capital catalana ha elevado su relevancia deportiva. La pasada Copa del Am\u00e9rica y la pr\u00f3xima salida del Tour de Francia son el premio a la gesti\u00f3n institucional, pero tambi\u00e9n es fruto del tejido deportivo de la ciudad, sostenido por la tradici\u00f3n y su gran masa social, que ayer estuvo presente en el nuevo foro BCN Global Sports. El Real Club de Polo reuni\u00f3 a los representantes de los grandes eventos de la urbe para debatir sobre el presente y el futuro deportivo de una ciudad ya de por s\u00ed atractiva para el resto del mundo.<\/p>\n<p><a href=\"https:\/\/www.lavanguardia.com\/deportes\/20250610\/10774644\/barcelona-ciudad-unida-deporte-bcn-global-sports.html\">Seguir leyendo&#8230;<\/a><\/p>","protected":false},"excerpt":{"rendered":"<p>Los Juegos de 1992 situaron en el mapa a Barcelona y desde la cita ol\u00edmpica la capital catalana ha elevado su relevancia deportiva. La pasada Copa del Am\u00e9rica y la pr\u00f3xima salida del Tour de Francia son el premio a la gesti\u00f3n institucional, pero tambi\u00e9n es fruto del tejido deportivo de la ciudad, sostenido por [&hellip;]<\/p>\n","protected":false},"author":1,"featured_media":30526,"comment_status":"","ping_status":"","sticky":false,"template":"","format":"standard","meta":{"_et_pb_use_builder":"","_et_pb_old_content":"","_et_gb_content_width":"","footnotes":""},"categories":[1],"tags":[],"class_list":["post-30525","post","type-post","status-publish","format-standard","has-post-thumbnail","hentry","category-blog","et-has-post-format-content","et_post_format-et-post-format-standard"],"_links":{"self":[{"href":"https:\/\/trayectoriadeportiva.com\/index.php\/wp-json\/wp\/v2\/posts\/30525","targetHints":{"allow":["GET"]}}],"collection":[{"href":"https:\/\/trayectoriadeportiva.com\/index.php\/wp-json\/wp\/v2\/posts"}],"about":[{"href":"https:\/\/trayectoriadeportiva.com\/index.php\/wp-json\/wp\/v2\/types\/post"}],"author":[{"embeddable":true,"href":"https:\/\/trayectoriadeportiva.com\/index.php\/wp-json\/wp\/v2\/users\/1"}],"replies":[{"embeddable":true,"href":"https:\/\/trayectoriadeportiva.com\/index.php\/wp-json\/wp\/v2\/comments?post=30525"}],"version-history":[{"count":0,"href":"https:\/\/trayectoriadeportiva.com\/index.php\/wp-json\/wp\/v2\/posts\/30525\/revisions"}],"wp:featuredmedia":[{"embeddable":true,"href":"https:\/\/trayectoriadeportiva.com\/index.php\/wp-json\/wp\/v2\/media\/30526"}],"wp:attachment":[{"href":"https:\/\/trayectoriadeportiva.com\/index.php\/wp-json\/wp\/v2\/media?parent=30525"}],"wp:term":[{"taxonomy":"category","embeddable":true,"href":"https:\/\/trayectoriadeportiva.com\/index.php\/wp-json\/wp\/v2\/categories?post=30525"},{"taxonomy":"post_tag","embeddable":true,"href":"https:\/\/trayectoriadeportiva.com\/index.php\/wp-json\/wp\/v2\/tags?post=30525"}],"curies":[{"name":"wp","href":"https:\/\/api.w.org\/{rel}","templated":true}]}}