{"id":30649,"date":"2025-06-15T04:00:00","date_gmt":"2025-06-15T04:00:00","guid":{"rendered":"https:\/\/trayectoriadeportiva.com\/index.php\/2025\/06\/15\/irene-paredes-la-maternidad-debe-ser-vista-como-algo-bonito-hay-que-cambiar\/"},"modified":"2025-06-15T04:00:00","modified_gmt":"2025-06-15T04:00:00","slug":"irene-paredes-la-maternidad-debe-ser-vista-como-algo-bonito-hay-que-cambiar","status":"publish","type":"post","link":"https:\/\/trayectoriadeportiva.com\/index.php\/2025\/06\/15\/irene-paredes-la-maternidad-debe-ser-vista-como-algo-bonito-hay-que-cambiar\/","title":{"rendered":"Irene Paredes: \u201cLa maternidad debe ser vista como algo bonito, hay que cambiar\u201d"},"content":{"rendered":"<p>En septiembre de 2021, Irene Paredes (Legazpi, 1991), futbolista del FC Barcelona e internacional con la selecci\u00f3n espa\u00f1ola, se convirti\u00f3 en madre de Mateo, gestado por su pareja, Luc\u00eda Ybarra, tambi\u00e9n deportista y exrepresentante de la selecci\u00f3n espa\u00f1ola de hockey hierba. La futbolista atiende a La Vanguardia desde su Euskadi natal, donde est\u00e1 descansando estos d\u00edas antes de que empiece la Eurocopa de Suiza. A pesar de haber deseado ser madre gestante, Paredes comparte los retos que esto implica para las futbolistas profesionales: el impacto f\u00edsico o el miedo a perder el puesto en el equipo.  Lo hace coincidiendo con el estreno del documental que Bar\u00e7a One ha producido sobre su historia y la de cuatro jugadoras que tambi\u00e9n son madres gestantes: Amel Majri (Olympique de Lyon), Marta Corredera (exjugadora del Barcelona y del Real Madrid), Almut Schult (portera alemana) y Alice Pignagnoli (portera del Palazzolo italiano). No lo han tenido f\u00e1cil.<\/p>\n<p><a href=\"https:\/\/www.lavanguardia.com\/deportes\/fc-barcelona\/20250615\/10788705\/irene-paredes-maternidad-futbol-entrevista-barca-seleccion-eurocopa.html\">Seguir leyendo&#8230;<\/a><\/p>","protected":false},"excerpt":{"rendered":"<p>En septiembre de 2021, Irene Paredes (Legazpi, 1991), futbolista del FC Barcelona e internacional con la selecci\u00f3n espa\u00f1ola, se convirti\u00f3 en madre de Mateo, gestado por su pareja, Luc\u00eda Ybarra, tambi\u00e9n deportista y exrepresentante de la selecci\u00f3n espa\u00f1ola de hockey hierba. La futbolista atiende a La Vanguardia desde su Euskadi natal, donde est\u00e1 descansando estos [&hellip;]<\/p>\n","protected":false},"author":1,"featured_media":30650,"comment_status":"","ping_status":"","sticky":false,"template":"","format":"standard","meta":{"_et_pb_use_builder":"","_et_pb_old_content":"","_et_gb_content_width":"","footnotes":""},"categories":[1],"tags":[],"class_list":["post-30649","post","type-post","status-publish","format-standard","has-post-thumbnail","hentry","category-blog","et-has-post-format-content","et_post_format-et-post-format-standard"],"_links":{"self":[{"href":"https:\/\/trayectoriadeportiva.com\/index.php\/wp-json\/wp\/v2\/posts\/30649","targetHints":{"allow":["GET"]}}],"collection":[{"href":"https:\/\/trayectoriadeportiva.com\/index.php\/wp-json\/wp\/v2\/posts"}],"about":[{"href":"https:\/\/trayectoriadeportiva.com\/index.php\/wp-json\/wp\/v2\/types\/post"}],"author":[{"embeddable":true,"href":"https:\/\/trayectoriadeportiva.com\/index.php\/wp-json\/wp\/v2\/users\/1"}],"replies":[{"embeddable":true,"href":"https:\/\/trayectoriadeportiva.com\/index.php\/wp-json\/wp\/v2\/comments?post=30649"}],"version-history":[{"count":0,"href":"https:\/\/trayectoriadeportiva.com\/index.php\/wp-json\/wp\/v2\/posts\/30649\/revisions"}],"wp:featuredmedia":[{"embeddable":true,"href":"https:\/\/trayectoriadeportiva.com\/index.php\/wp-json\/wp\/v2\/media\/30650"}],"wp:attachment":[{"href":"https:\/\/trayectoriadeportiva.com\/index.php\/wp-json\/wp\/v2\/media?parent=30649"}],"wp:term":[{"taxonomy":"category","embeddable":true,"href":"https:\/\/trayectoriadeportiva.com\/index.php\/wp-json\/wp\/v2\/categories?post=30649"},{"taxonomy":"post_tag","embeddable":true,"href":"https:\/\/trayectoriadeportiva.com\/index.php\/wp-json\/wp\/v2\/tags?post=30649"}],"curies":[{"name":"wp","href":"https:\/\/api.w.org\/{rel}","templated":true}]}}