{"id":30703,"date":"2025-06-16T08:42:19","date_gmt":"2025-06-16T08:42:19","guid":{"rendered":"https:\/\/trayectoriadeportiva.com\/index.php\/2025\/06\/16\/las-quejas-por-el-calor-marcan-el-inicio-del-mundial-de-clubs\/"},"modified":"2025-06-16T08:42:19","modified_gmt":"2025-06-16T08:42:19","slug":"las-quejas-por-el-calor-marcan-el-inicio-del-mundial-de-clubs","status":"publish","type":"post","link":"https:\/\/trayectoriadeportiva.com\/index.php\/2025\/06\/16\/las-quejas-por-el-calor-marcan-el-inicio-del-mundial-de-clubs\/","title":{"rendered":"Las quejas por el calor marcan el inicio del Mundial de Clubs"},"content":{"rendered":"<p>Aunque sucedi\u00f3 de noche, la imagen de Lionel Messi empapado en sudor durante el partido entre el Inter Miami y el Al Ahly, en el estreno del Mundial de Clubs, era suficientemente descriptiva para intuir el calor y la humedad que en ese instante hab\u00eda en el Hard Rock Stadium de Miami. El argentino lleva tiempo aclimat\u00e1ndose a las altas temperaturas en esa zona, especialmente en esta \u00e9poca del a\u00f1o, pero a los clubs europeos les est\u00e1 costando adaptarse a este escenario.\u00a0<\/p>\n<p><a href=\"https:\/\/www.lavanguardia.com\/deportes\/futbol\/20250616\/10792179\/quejas-calor-marcan-primeros-partidos-mundial-clubs-luis-enrique-vinicius-llorente-atletico-psg-real-madrid.html\">Seguir leyendo&#8230;<\/a><\/p>","protected":false},"excerpt":{"rendered":"<p>Aunque sucedi\u00f3 de noche, la imagen de Lionel Messi empapado en sudor durante el partido entre el Inter Miami y el Al Ahly, en el estreno del Mundial de Clubs, era suficientemente descriptiva para intuir el calor y la humedad que en ese instante hab\u00eda en el Hard Rock Stadium de Miami. El argentino lleva [&hellip;]<\/p>\n","protected":false},"author":1,"featured_media":30704,"comment_status":"","ping_status":"","sticky":false,"template":"","format":"standard","meta":{"_et_pb_use_builder":"","_et_pb_old_content":"","_et_gb_content_width":"","footnotes":""},"categories":[1],"tags":[],"class_list":["post-30703","post","type-post","status-publish","format-standard","has-post-thumbnail","hentry","category-blog","et-has-post-format-content","et_post_format-et-post-format-standard"],"_links":{"self":[{"href":"https:\/\/trayectoriadeportiva.com\/index.php\/wp-json\/wp\/v2\/posts\/30703","targetHints":{"allow":["GET"]}}],"collection":[{"href":"https:\/\/trayectoriadeportiva.com\/index.php\/wp-json\/wp\/v2\/posts"}],"about":[{"href":"https:\/\/trayectoriadeportiva.com\/index.php\/wp-json\/wp\/v2\/types\/post"}],"author":[{"embeddable":true,"href":"https:\/\/trayectoriadeportiva.com\/index.php\/wp-json\/wp\/v2\/users\/1"}],"replies":[{"embeddable":true,"href":"https:\/\/trayectoriadeportiva.com\/index.php\/wp-json\/wp\/v2\/comments?post=30703"}],"version-history":[{"count":0,"href":"https:\/\/trayectoriadeportiva.com\/index.php\/wp-json\/wp\/v2\/posts\/30703\/revisions"}],"wp:featuredmedia":[{"embeddable":true,"href":"https:\/\/trayectoriadeportiva.com\/index.php\/wp-json\/wp\/v2\/media\/30704"}],"wp:attachment":[{"href":"https:\/\/trayectoriadeportiva.com\/index.php\/wp-json\/wp\/v2\/media?parent=30703"}],"wp:term":[{"taxonomy":"category","embeddable":true,"href":"https:\/\/trayectoriadeportiva.com\/index.php\/wp-json\/wp\/v2\/categories?post=30703"},{"taxonomy":"post_tag","embeddable":true,"href":"https:\/\/trayectoriadeportiva.com\/index.php\/wp-json\/wp\/v2\/tags?post=30703"}],"curies":[{"name":"wp","href":"https:\/\/api.w.org\/{rel}","templated":true}]}}