{"id":30810,"date":"2025-06-19T03:55:00","date_gmt":"2025-06-19T03:55:00","guid":{"rendered":"https:\/\/trayectoriadeportiva.com\/index.php\/2025\/06\/19\/el-le-mans-de-las-bicicletas-vuelve-al-circuit-de-barcelona\/"},"modified":"2025-06-19T03:55:00","modified_gmt":"2025-06-19T03:55:00","slug":"el-le-mans-de-las-bicicletas-vuelve-al-circuit-de-barcelona","status":"publish","type":"post","link":"https:\/\/trayectoriadeportiva.com\/index.php\/2025\/06\/19\/el-le-mans-de-las-bicicletas-vuelve-al-circuit-de-barcelona\/","title":{"rendered":"El Le Mans de las bicicletas vuelve al Circuit de Barcelona"},"content":{"rendered":"<p>El Circuit de Barcelona \u2013 Catalunya es uno de los recintos hist\u00f3ricos deportivos del pa\u00eds. Conocido especialmente por sus eventos de motor, una vez al a\u00f1o acoge un evento como pocos hay en el mundo. Durante un fin de semana, las bicicletas se hacen con uno de los asfaltos m\u00e1s ic\u00f3nicos que hay.<\/p>\n<p><a href=\"https:\/\/www.lavanguardia.com\/deportes\/20250619\/10798545\/le-mans-bicicletas-circuit-barcelona-brl.html\">Seguir leyendo&#8230;<\/a><\/p>","protected":false},"excerpt":{"rendered":"<p>El Circuit de Barcelona \u2013 Catalunya es uno de los recintos hist\u00f3ricos deportivos del pa\u00eds. Conocido especialmente por sus eventos de motor, una vez al a\u00f1o acoge un evento como pocos hay en el mundo. Durante un fin de semana, las bicicletas se hacen con uno de los asfaltos m\u00e1s ic\u00f3nicos que hay. Seguir leyendo&#8230;<\/p>\n","protected":false},"author":1,"featured_media":30811,"comment_status":"","ping_status":"","sticky":false,"template":"","format":"standard","meta":{"_et_pb_use_builder":"","_et_pb_old_content":"","_et_gb_content_width":"","footnotes":""},"categories":[1],"tags":[],"class_list":["post-30810","post","type-post","status-publish","format-standard","has-post-thumbnail","hentry","category-blog","et-has-post-format-content","et_post_format-et-post-format-standard"],"_links":{"self":[{"href":"https:\/\/trayectoriadeportiva.com\/index.php\/wp-json\/wp\/v2\/posts\/30810","targetHints":{"allow":["GET"]}}],"collection":[{"href":"https:\/\/trayectoriadeportiva.com\/index.php\/wp-json\/wp\/v2\/posts"}],"about":[{"href":"https:\/\/trayectoriadeportiva.com\/index.php\/wp-json\/wp\/v2\/types\/post"}],"author":[{"embeddable":true,"href":"https:\/\/trayectoriadeportiva.com\/index.php\/wp-json\/wp\/v2\/users\/1"}],"replies":[{"embeddable":true,"href":"https:\/\/trayectoriadeportiva.com\/index.php\/wp-json\/wp\/v2\/comments?post=30810"}],"version-history":[{"count":0,"href":"https:\/\/trayectoriadeportiva.com\/index.php\/wp-json\/wp\/v2\/posts\/30810\/revisions"}],"wp:featuredmedia":[{"embeddable":true,"href":"https:\/\/trayectoriadeportiva.com\/index.php\/wp-json\/wp\/v2\/media\/30811"}],"wp:attachment":[{"href":"https:\/\/trayectoriadeportiva.com\/index.php\/wp-json\/wp\/v2\/media?parent=30810"}],"wp:term":[{"taxonomy":"category","embeddable":true,"href":"https:\/\/trayectoriadeportiva.com\/index.php\/wp-json\/wp\/v2\/categories?post=30810"},{"taxonomy":"post_tag","embeddable":true,"href":"https:\/\/trayectoriadeportiva.com\/index.php\/wp-json\/wp\/v2\/tags?post=30810"}],"curies":[{"name":"wp","href":"https:\/\/api.w.org\/{rel}","templated":true}]}}