{"id":30872,"date":"2025-06-21T10:36:01","date_gmt":"2025-06-21T10:36:01","guid":{"rendered":"https:\/\/trayectoriadeportiva.com\/index.php\/2025\/06\/21\/marc-marquez-pole-en-italia-con-record-incluido\/"},"modified":"2025-06-21T10:36:01","modified_gmt":"2025-06-21T10:36:01","slug":"marc-marquez-pole-en-italia-con-record-incluido","status":"publish","type":"post","link":"https:\/\/trayectoriadeportiva.com\/index.php\/2025\/06\/21\/marc-marquez-pole-en-italia-con-record-incluido\/","title":{"rendered":"Marc M\u00e1rquez, pole en Italia con r\u00e9cord incluido"},"content":{"rendered":"<p>Marc M\u00e1rquez (Ducati Desmosedici GP25) ha sumado su sexta &#8216;pole position&#8217; de la temporada y la cien de su carrera deportiva al ser el m\u00e1s r\u00e1pido en la clasificaci\u00f3n oficial del Gran Premio de Italia de MotoGP, disputada en el circuito de Mugello, en donde estableci\u00f3 un nuevo r\u00e9cord absoluto de la categor\u00eda.<\/p>\n<p><a href=\"https:\/\/www.lavanguardia.com\/deportes\/motociclismo\/20250621\/10813400\/marc-marquez-gran-premio-de-italia-pole-position.html\">Seguir leyendo&#8230;<\/a><\/p>","protected":false},"excerpt":{"rendered":"<p>Marc M\u00e1rquez (Ducati Desmosedici GP25) ha sumado su sexta &#8216;pole position&#8217; de la temporada y la cien de su carrera deportiva al ser el m\u00e1s r\u00e1pido en la clasificaci\u00f3n oficial del Gran Premio de Italia de MotoGP, disputada en el circuito de Mugello, en donde estableci\u00f3 un nuevo r\u00e9cord absoluto de la categor\u00eda. Seguir leyendo&#8230;<\/p>\n","protected":false},"author":1,"featured_media":30873,"comment_status":"","ping_status":"","sticky":false,"template":"","format":"standard","meta":{"_et_pb_use_builder":"","_et_pb_old_content":"","_et_gb_content_width":"","footnotes":""},"categories":[1],"tags":[],"class_list":["post-30872","post","type-post","status-publish","format-standard","has-post-thumbnail","hentry","category-blog","et-has-post-format-content","et_post_format-et-post-format-standard"],"_links":{"self":[{"href":"https:\/\/trayectoriadeportiva.com\/index.php\/wp-json\/wp\/v2\/posts\/30872","targetHints":{"allow":["GET"]}}],"collection":[{"href":"https:\/\/trayectoriadeportiva.com\/index.php\/wp-json\/wp\/v2\/posts"}],"about":[{"href":"https:\/\/trayectoriadeportiva.com\/index.php\/wp-json\/wp\/v2\/types\/post"}],"author":[{"embeddable":true,"href":"https:\/\/trayectoriadeportiva.com\/index.php\/wp-json\/wp\/v2\/users\/1"}],"replies":[{"embeddable":true,"href":"https:\/\/trayectoriadeportiva.com\/index.php\/wp-json\/wp\/v2\/comments?post=30872"}],"version-history":[{"count":0,"href":"https:\/\/trayectoriadeportiva.com\/index.php\/wp-json\/wp\/v2\/posts\/30872\/revisions"}],"wp:featuredmedia":[{"embeddable":true,"href":"https:\/\/trayectoriadeportiva.com\/index.php\/wp-json\/wp\/v2\/media\/30873"}],"wp:attachment":[{"href":"https:\/\/trayectoriadeportiva.com\/index.php\/wp-json\/wp\/v2\/media?parent=30872"}],"wp:term":[{"taxonomy":"category","embeddable":true,"href":"https:\/\/trayectoriadeportiva.com\/index.php\/wp-json\/wp\/v2\/categories?post=30872"},{"taxonomy":"post_tag","embeddable":true,"href":"https:\/\/trayectoriadeportiva.com\/index.php\/wp-json\/wp\/v2\/tags?post=30872"}],"curies":[{"name":"wp","href":"https:\/\/api.w.org\/{rel}","templated":true}]}}