{"id":30952,"date":"2025-06-24T04:00:00","date_gmt":"2025-06-24T04:00:00","guid":{"rendered":"https:\/\/trayectoriadeportiva.com\/index.php\/2025\/06\/24\/el-plan-que-flick-maneja-para-encajar-a-nico-williams\/"},"modified":"2025-06-24T04:00:00","modified_gmt":"2025-06-24T04:00:00","slug":"el-plan-que-flick-maneja-para-encajar-a-nico-williams","status":"publish","type":"post","link":"https:\/\/trayectoriadeportiva.com\/index.php\/2025\/06\/24\/el-plan-que-flick-maneja-para-encajar-a-nico-williams\/","title":{"rendered":"El plan que Flick maneja para encajar a Nico Williams"},"content":{"rendered":"<p>Hace un a\u00f1o, Deco prioriz\u00f3 la llegada de Dani Olmo para reforzar el centro del campo blaugrana. \u201cYo siempre he dicho que lo que nos faltaba era un jugador de enganche, un jugador como Dani. Esa era nuestra prioridad. No ten\u00edamos ning\u00fan centrocampista con esa capacidad de jugar entre l\u00edneas\u201d, explicaba <a href=\"https:\/\/www.lavanguardia.com\/deportes\/fc-barcelona\/20250622\/10813933\/deco-nico-lleva-lamine-mejor-esto-club-amigos.html\" title=\"Deco: \u201cSi Nico se lleva bien con Lamine, mejor, pero esto no es un club de amigos\u201d\">en la entrevista que concedi\u00f3 a<i> La Vanguardia. <\/i><\/a>\u201cNo olvidemos que Ferm\u00edn se estaba consolidando, Gavi estaba lesionado y para Pedri hab\u00eda un plan distinto. Tambi\u00e9n ven\u00eda de un a\u00f1o con muchas lesiones, igual que Frenkie de Jong. As\u00ed que priorizamos a Olmo antes que a un extremo\u201d, a\u00f1adi\u00f3.<\/p>\n<p><a href=\"https:\/\/www.lavanguardia.com\/deportes\/fc-barcelona\/20250624\/10819114\/plan-flick-maneja-encajar-nico-williams-extremo.html\">Seguir leyendo&#8230;<\/a><\/p>","protected":false},"excerpt":{"rendered":"<p>Hace un a\u00f1o, Deco prioriz\u00f3 la llegada de Dani Olmo para reforzar el centro del campo blaugrana. \u201cYo siempre he dicho que lo que nos faltaba era un jugador de enganche, un jugador como Dani. Esa era nuestra prioridad. No ten\u00edamos ning\u00fan centrocampista con esa capacidad de jugar entre l\u00edneas\u201d, explicaba en la entrevista que [&hellip;]<\/p>\n","protected":false},"author":1,"featured_media":30953,"comment_status":"","ping_status":"","sticky":false,"template":"","format":"standard","meta":{"_et_pb_use_builder":"","_et_pb_old_content":"","_et_gb_content_width":"","footnotes":""},"categories":[1],"tags":[],"class_list":["post-30952","post","type-post","status-publish","format-standard","has-post-thumbnail","hentry","category-blog","et-has-post-format-content","et_post_format-et-post-format-standard"],"_links":{"self":[{"href":"https:\/\/trayectoriadeportiva.com\/index.php\/wp-json\/wp\/v2\/posts\/30952","targetHints":{"allow":["GET"]}}],"collection":[{"href":"https:\/\/trayectoriadeportiva.com\/index.php\/wp-json\/wp\/v2\/posts"}],"about":[{"href":"https:\/\/trayectoriadeportiva.com\/index.php\/wp-json\/wp\/v2\/types\/post"}],"author":[{"embeddable":true,"href":"https:\/\/trayectoriadeportiva.com\/index.php\/wp-json\/wp\/v2\/users\/1"}],"replies":[{"embeddable":true,"href":"https:\/\/trayectoriadeportiva.com\/index.php\/wp-json\/wp\/v2\/comments?post=30952"}],"version-history":[{"count":0,"href":"https:\/\/trayectoriadeportiva.com\/index.php\/wp-json\/wp\/v2\/posts\/30952\/revisions"}],"wp:featuredmedia":[{"embeddable":true,"href":"https:\/\/trayectoriadeportiva.com\/index.php\/wp-json\/wp\/v2\/media\/30953"}],"wp:attachment":[{"href":"https:\/\/trayectoriadeportiva.com\/index.php\/wp-json\/wp\/v2\/media?parent=30952"}],"wp:term":[{"taxonomy":"category","embeddable":true,"href":"https:\/\/trayectoriadeportiva.com\/index.php\/wp-json\/wp\/v2\/categories?post=30952"},{"taxonomy":"post_tag","embeddable":true,"href":"https:\/\/trayectoriadeportiva.com\/index.php\/wp-json\/wp\/v2\/tags?post=30952"}],"curies":[{"name":"wp","href":"https:\/\/api.w.org\/{rel}","templated":true}]}}