{"id":30994,"date":"2025-06-25T18:11:36","date_gmt":"2025-06-25T18:11:36","guid":{"rendered":"https:\/\/trayectoriadeportiva.com\/index.php\/2025\/06\/25\/laporta-al-athletic-le-digo-que-se-preocupe-de-lo-suyo\/"},"modified":"2025-06-25T18:11:36","modified_gmt":"2025-06-25T18:11:36","slug":"laporta-al-athletic-le-digo-que-se-preocupe-de-lo-suyo","status":"publish","type":"post","link":"https:\/\/trayectoriadeportiva.com\/index.php\/2025\/06\/25\/laporta-al-athletic-le-digo-que-se-preocupe-de-lo-suyo\/","title":{"rendered":"Laporta: \u201cAl Athletic le digo que se preocupe de lo suyo\u201d"},"content":{"rendered":"<p>El Palau de la M\u00fasica es famoso por su sonoridad y fue el escenario que Laporta eligi\u00f3 para mandar un mensaje al Athletic Club con la intenci\u00f3n de que el fondo del recado se escuche bien en Ibagaine. <a href=\"https:\/\/www.lavanguardia.com\/deportes\/fc-barcelona\/20250619\/10806559\/nico-williams-acuerdo-barca-firmar-2031-pendiente-inscripcion.html\">El acuerdo al que ha llegado el Barcelona con Nico Williams<\/a> para pagar su cl\u00e1usula y rescindir el contrato con el Athletic ha tensado las relaciones entre el club bilba\u00edno y el blaugrana. El Bar\u00e7a est\u00e1 esperando al momento adecuado, siempre antes de que el futbolista tenga que presentarse en los entrenamientos de Ernesto Valverde, para abonar los 58 millones m\u00e1s IPC que cuesta la libertad del extremo internacional. Pero el presidente Joan Laporta no est\u00e1 preocupado por las amenazas de la entidad vasca de vigilar de cerca y fiscalizar al m\u00e1ximo la operaci\u00f3n y la inscripci\u00f3n del jugador. De hecho, el mandatario, seguro de todos sus movimientos, aconsej\u00f3 al Athletic que ponga la lupa en sus asuntos. \u201cNo entiendo su reacci\u00f3n. Con todo el respeto les digo que cada uno se preocupe de lo suyo. No entiendo que el Athletic vaya a LaLiga para hablar del Bar\u00e7a. No creo que corresponda, pero all\u00e1 ellos\u201d, les recomend\u00f3.<\/p>\n<p><a href=\"https:\/\/www.lavanguardia.com\/deportes\/fc-barcelona\/20250625\/10827229\/laporta-athletic-le-digo-preocupe-suyo.html\">Seguir leyendo&#8230;<\/a><\/p>","protected":false},"excerpt":{"rendered":"<p>El Palau de la M\u00fasica es famoso por su sonoridad y fue el escenario que Laporta eligi\u00f3 para mandar un mensaje al Athletic Club con la intenci\u00f3n de que el fondo del recado se escuche bien en Ibagaine. El acuerdo al que ha llegado el Barcelona con Nico Williams para pagar su cl\u00e1usula y rescindir [&hellip;]<\/p>\n","protected":false},"author":1,"featured_media":30995,"comment_status":"","ping_status":"","sticky":false,"template":"","format":"standard","meta":{"_et_pb_use_builder":"","_et_pb_old_content":"","_et_gb_content_width":"","footnotes":""},"categories":[1],"tags":[],"class_list":["post-30994","post","type-post","status-publish","format-standard","has-post-thumbnail","hentry","category-blog","et-has-post-format-content","et_post_format-et-post-format-standard"],"_links":{"self":[{"href":"https:\/\/trayectoriadeportiva.com\/index.php\/wp-json\/wp\/v2\/posts\/30994","targetHints":{"allow":["GET"]}}],"collection":[{"href":"https:\/\/trayectoriadeportiva.com\/index.php\/wp-json\/wp\/v2\/posts"}],"about":[{"href":"https:\/\/trayectoriadeportiva.com\/index.php\/wp-json\/wp\/v2\/types\/post"}],"author":[{"embeddable":true,"href":"https:\/\/trayectoriadeportiva.com\/index.php\/wp-json\/wp\/v2\/users\/1"}],"replies":[{"embeddable":true,"href":"https:\/\/trayectoriadeportiva.com\/index.php\/wp-json\/wp\/v2\/comments?post=30994"}],"version-history":[{"count":0,"href":"https:\/\/trayectoriadeportiva.com\/index.php\/wp-json\/wp\/v2\/posts\/30994\/revisions"}],"wp:featuredmedia":[{"embeddable":true,"href":"https:\/\/trayectoriadeportiva.com\/index.php\/wp-json\/wp\/v2\/media\/30995"}],"wp:attachment":[{"href":"https:\/\/trayectoriadeportiva.com\/index.php\/wp-json\/wp\/v2\/media?parent=30994"}],"wp:term":[{"taxonomy":"category","embeddable":true,"href":"https:\/\/trayectoriadeportiva.com\/index.php\/wp-json\/wp\/v2\/categories?post=30994"},{"taxonomy":"post_tag","embeddable":true,"href":"https:\/\/trayectoriadeportiva.com\/index.php\/wp-json\/wp\/v2\/tags?post=30994"}],"curies":[{"name":"wp","href":"https:\/\/api.w.org\/{rel}","templated":true}]}}