{"id":31004,"date":"2025-06-26T03:55:00","date_gmt":"2025-06-26T03:55:00","guid":{"rendered":"https:\/\/trayectoriadeportiva.com\/index.php\/2025\/06\/26\/dos-circuitos-y-un-reto-24-horas-sobre-la-bicicleta\/"},"modified":"2025-06-26T03:55:00","modified_gmt":"2025-06-26T03:55:00","slug":"dos-circuitos-y-un-reto-24-horas-sobre-la-bicicleta","status":"publish","type":"post","link":"https:\/\/trayectoriadeportiva.com\/index.php\/2025\/06\/26\/dos-circuitos-y-un-reto-24-horas-sobre-la-bicicleta\/","title":{"rendered":"Dos circuitos y un reto: 24 horas sobre la bicicleta"},"content":{"rendered":"<p>Cada vez hay m\u00e1s pruebas cicloturistas y m\u00e1s maneras diferentes de disfrutar de la bicicleta. El gravel es ya una realidad, aunque las bicicletas de monta\u00f1a y carretera siguen siendo las m\u00e1s populares para el aficionado y la aficionada.<\/p>\n<p><a href=\"https:\/\/www.lavanguardia.com\/deportes\/20250626\/10818742\/dos-circuitos-reto-24-horas-sobre-bicicleta-brl.html\">Seguir leyendo&#8230;<\/a><\/p>","protected":false},"excerpt":{"rendered":"<p>Cada vez hay m\u00e1s pruebas cicloturistas y m\u00e1s maneras diferentes de disfrutar de la bicicleta. El gravel es ya una realidad, aunque las bicicletas de monta\u00f1a y carretera siguen siendo las m\u00e1s populares para el aficionado y la aficionada. Seguir leyendo&#8230;<\/p>\n","protected":false},"author":1,"featured_media":31005,"comment_status":"","ping_status":"","sticky":false,"template":"","format":"standard","meta":{"_et_pb_use_builder":"","_et_pb_old_content":"","_et_gb_content_width":"","footnotes":""},"categories":[1],"tags":[],"class_list":["post-31004","post","type-post","status-publish","format-standard","has-post-thumbnail","hentry","category-blog","et-has-post-format-content","et_post_format-et-post-format-standard"],"_links":{"self":[{"href":"https:\/\/trayectoriadeportiva.com\/index.php\/wp-json\/wp\/v2\/posts\/31004","targetHints":{"allow":["GET"]}}],"collection":[{"href":"https:\/\/trayectoriadeportiva.com\/index.php\/wp-json\/wp\/v2\/posts"}],"about":[{"href":"https:\/\/trayectoriadeportiva.com\/index.php\/wp-json\/wp\/v2\/types\/post"}],"author":[{"embeddable":true,"href":"https:\/\/trayectoriadeportiva.com\/index.php\/wp-json\/wp\/v2\/users\/1"}],"replies":[{"embeddable":true,"href":"https:\/\/trayectoriadeportiva.com\/index.php\/wp-json\/wp\/v2\/comments?post=31004"}],"version-history":[{"count":0,"href":"https:\/\/trayectoriadeportiva.com\/index.php\/wp-json\/wp\/v2\/posts\/31004\/revisions"}],"wp:featuredmedia":[{"embeddable":true,"href":"https:\/\/trayectoriadeportiva.com\/index.php\/wp-json\/wp\/v2\/media\/31005"}],"wp:attachment":[{"href":"https:\/\/trayectoriadeportiva.com\/index.php\/wp-json\/wp\/v2\/media?parent=31004"}],"wp:term":[{"taxonomy":"category","embeddable":true,"href":"https:\/\/trayectoriadeportiva.com\/index.php\/wp-json\/wp\/v2\/categories?post=31004"},{"taxonomy":"post_tag","embeddable":true,"href":"https:\/\/trayectoriadeportiva.com\/index.php\/wp-json\/wp\/v2\/tags?post=31004"}],"curies":[{"name":"wp","href":"https:\/\/api.w.org\/{rel}","templated":true}]}}