{"id":31010,"date":"2025-06-26T08:30:07","date_gmt":"2025-06-26T08:30:07","guid":{"rendered":"https:\/\/trayectoriadeportiva.com\/index.php\/2025\/06\/26\/inter-y-monterrey-echan-al-river-plate-de-mastauntono\/"},"modified":"2025-06-26T08:30:07","modified_gmt":"2025-06-26T08:30:07","slug":"inter-y-monterrey-echan-al-river-plate-de-mastauntono","status":"publish","type":"post","link":"https:\/\/trayectoriadeportiva.com\/index.php\/2025\/06\/26\/inter-y-monterrey-echan-al-river-plate-de-mastauntono\/","title":{"rendered":"Inter y Monterrey echan al River Plate de Mastauntono"},"content":{"rendered":"<p>Inter de Mil\u00e1n derrot\u00f3 este mi\u00e9rcoles por 2-0 a River Plate, gan\u00f3 el Grupo E del Mundial de Clubes de la FIFA y elimin\u00f3 a los argentinos en un partido en el que los dirigidos por Marcelo Gallardo terminaron con dos hombres menos por sendas tarjetas rojas.<\/p>\n<p><a href=\"https:\/\/www.lavanguardia.com\/deportes\/futbol\/20250626\/10828209\/mastantuono-inter-de-milan-monterrey-river-plate-eliminado.html\">Seguir leyendo&#8230;<\/a><\/p>","protected":false},"excerpt":{"rendered":"<p>Inter de Mil\u00e1n derrot\u00f3 este mi\u00e9rcoles por 2-0 a River Plate, gan\u00f3 el Grupo E del Mundial de Clubes de la FIFA y elimin\u00f3 a los argentinos en un partido en el que los dirigidos por Marcelo Gallardo terminaron con dos hombres menos por sendas tarjetas rojas. Seguir leyendo&#8230;<\/p>\n","protected":false},"author":1,"featured_media":31011,"comment_status":"","ping_status":"","sticky":false,"template":"","format":"standard","meta":{"_et_pb_use_builder":"","_et_pb_old_content":"","_et_gb_content_width":"","footnotes":""},"categories":[1],"tags":[],"class_list":["post-31010","post","type-post","status-publish","format-standard","has-post-thumbnail","hentry","category-blog","et-has-post-format-content","et_post_format-et-post-format-standard"],"_links":{"self":[{"href":"https:\/\/trayectoriadeportiva.com\/index.php\/wp-json\/wp\/v2\/posts\/31010","targetHints":{"allow":["GET"]}}],"collection":[{"href":"https:\/\/trayectoriadeportiva.com\/index.php\/wp-json\/wp\/v2\/posts"}],"about":[{"href":"https:\/\/trayectoriadeportiva.com\/index.php\/wp-json\/wp\/v2\/types\/post"}],"author":[{"embeddable":true,"href":"https:\/\/trayectoriadeportiva.com\/index.php\/wp-json\/wp\/v2\/users\/1"}],"replies":[{"embeddable":true,"href":"https:\/\/trayectoriadeportiva.com\/index.php\/wp-json\/wp\/v2\/comments?post=31010"}],"version-history":[{"count":0,"href":"https:\/\/trayectoriadeportiva.com\/index.php\/wp-json\/wp\/v2\/posts\/31010\/revisions"}],"wp:featuredmedia":[{"embeddable":true,"href":"https:\/\/trayectoriadeportiva.com\/index.php\/wp-json\/wp\/v2\/media\/31011"}],"wp:attachment":[{"href":"https:\/\/trayectoriadeportiva.com\/index.php\/wp-json\/wp\/v2\/media?parent=31010"}],"wp:term":[{"taxonomy":"category","embeddable":true,"href":"https:\/\/trayectoriadeportiva.com\/index.php\/wp-json\/wp\/v2\/categories?post=31010"},{"taxonomy":"post_tag","embeddable":true,"href":"https:\/\/trayectoriadeportiva.com\/index.php\/wp-json\/wp\/v2\/tags?post=31010"}],"curies":[{"name":"wp","href":"https:\/\/api.w.org\/{rel}","templated":true}]}}