{"id":3123,"date":"2023-11-24T15:50:57","date_gmt":"2023-11-24T15:50:57","guid":{"rendered":"https:\/\/trayectoriadeportiva.com\/index.php\/2023\/11\/24\/el-paciente-inaki-pena\/"},"modified":"2023-11-24T15:50:57","modified_gmt":"2023-11-24T15:50:57","slug":"el-paciente-inaki-pena","status":"publish","type":"post","link":"https:\/\/trayectoriadeportiva.com\/index.php\/2023\/11\/24\/el-paciente-inaki-pena\/","title":{"rendered":"El paciente I\u00f1aki Pe\u00f1a"},"content":{"rendered":"<p>Ignacio Pe\u00f1a Sotorres, conocido deportivamente como I\u00f1aki Pe\u00f1a (24 a\u00f1os), lleva m\u00e1s de una d\u00e9cada picando piedra. Prepar\u00e1ndose. Forj\u00e1ndose. Esperando su momento. No perdiendo la paciencia. Hasta hoy. Porque esta tarde ha llegado su partido. Por primera vez ser\u00e1 titular en la Liga con el Bar\u00e7a. Lo har\u00e1 en Vallecas, en un campo y ante un rival inc\u00f3modo. Pero tendr\u00e1 la oportunidad que lleva tiempo anhelando. Como acostumbra a pasar en el caso de los porteros la buena nueva para \u00e9l es consecuencia de una mala noticia para el primer guardameta. <a href=\"https:\/\/www.lavanguardia.com\/deportes\/fc-barcelona\/20231124\/9404388\/xavi-gavi-problema-calendario-exceso-partidos-habia-jugado.html\" title=\"Xavi: \u201cLo de Gavi es un problema de calendario y de exceso de partidos: hab\u00eda jugado mucho\u201d\">Marc-Andr\u00e9 Ter Stegen <\/a>no se ha recuperado de la dolencia lumbar que le oblig\u00f3 a dejar la concentraci\u00f3n de la selecci\u00f3n alemana y es baja. Tampoco es nada seguro que est\u00e9 listo para jugar el martes frente al Oporto en la Champions. Pero esa ser\u00e1 otra historia.<\/p>\n<p><a href=\"https:\/\/www.lavanguardia.com\/deportes\/20231124\/9404619\/barca-inaki-pena-ter-stegen-xavi.html\">Seguir leyendo&#8230;<\/a><\/p>","protected":false},"excerpt":{"rendered":"<p>Ignacio Pe\u00f1a Sotorres, conocido deportivamente como I\u00f1aki Pe\u00f1a (24 a\u00f1os), lleva m\u00e1s de una d\u00e9cada picando piedra. Prepar\u00e1ndose. Forj\u00e1ndose. Esperando su momento. No perdiendo la paciencia. Hasta hoy. Porque esta tarde ha llegado su partido. Por primera vez ser\u00e1 titular en la Liga con el Bar\u00e7a. Lo har\u00e1 en Vallecas, en un campo y ante [&hellip;]<\/p>\n","protected":false},"author":0,"featured_media":3124,"comment_status":"","ping_status":"","sticky":false,"template":"","format":"standard","meta":{"_et_pb_use_builder":"","_et_pb_old_content":"","_et_gb_content_width":"","footnotes":""},"categories":[1],"tags":[],"class_list":["post-3123","post","type-post","status-publish","format-standard","has-post-thumbnail","hentry","category-blog","et-has-post-format-content","et_post_format-et-post-format-standard"],"_links":{"self":[{"href":"https:\/\/trayectoriadeportiva.com\/index.php\/wp-json\/wp\/v2\/posts\/3123","targetHints":{"allow":["GET"]}}],"collection":[{"href":"https:\/\/trayectoriadeportiva.com\/index.php\/wp-json\/wp\/v2\/posts"}],"about":[{"href":"https:\/\/trayectoriadeportiva.com\/index.php\/wp-json\/wp\/v2\/types\/post"}],"replies":[{"embeddable":true,"href":"https:\/\/trayectoriadeportiva.com\/index.php\/wp-json\/wp\/v2\/comments?post=3123"}],"version-history":[{"count":0,"href":"https:\/\/trayectoriadeportiva.com\/index.php\/wp-json\/wp\/v2\/posts\/3123\/revisions"}],"wp:featuredmedia":[{"embeddable":true,"href":"https:\/\/trayectoriadeportiva.com\/index.php\/wp-json\/wp\/v2\/media\/3124"}],"wp:attachment":[{"href":"https:\/\/trayectoriadeportiva.com\/index.php\/wp-json\/wp\/v2\/media?parent=3123"}],"wp:term":[{"taxonomy":"category","embeddable":true,"href":"https:\/\/trayectoriadeportiva.com\/index.php\/wp-json\/wp\/v2\/categories?post=3123"},{"taxonomy":"post_tag","embeddable":true,"href":"https:\/\/trayectoriadeportiva.com\/index.php\/wp-json\/wp\/v2\/tags?post=3123"}],"curies":[{"name":"wp","href":"https:\/\/api.w.org\/{rel}","templated":true}]}}