{"id":31327,"date":"2025-07-05T10:05:06","date_gmt":"2025-07-05T10:05:06","guid":{"rendered":"https:\/\/trayectoriadeportiva.com\/index.php\/2025\/07\/05\/futbolistas-familiares-y-amigos-despiden-a-diogo-jota-y-su-hermano-en-gondomar\/"},"modified":"2025-07-05T10:05:06","modified_gmt":"2025-07-05T10:05:06","slug":"futbolistas-familiares-y-amigos-despiden-a-diogo-jota-y-su-hermano-en-gondomar","status":"publish","type":"post","link":"https:\/\/trayectoriadeportiva.com\/index.php\/2025\/07\/05\/futbolistas-familiares-y-amigos-despiden-a-diogo-jota-y-su-hermano-en-gondomar\/","title":{"rendered":"Futbolistas, familiares y amigos despiden a Diogo Jota y su hermano en Gondomar"},"content":{"rendered":"<p>Los jugadores del Liverpool se unieron a familiares y amigos para el funeral de su compa\u00f1ero Diogo Jota y su hermano este s\u00e1bado, dos d\u00edas despu\u00e9s de que los hermanos fallecieran en un accidente automovil\u00edstico en Espa\u00f1a.\u00a0<\/p>\n<p><a href=\"https:\/\/www.lavanguardia.com\/deportes\/futbol\/20250705\/10860288\/futbolistas-familiares-amigos-despiden-diogo-jota-hermano-gondomar.html\">Seguir leyendo&#8230;<\/a><\/p>","protected":false},"excerpt":{"rendered":"<p>Los jugadores del Liverpool se unieron a familiares y amigos para el funeral de su compa\u00f1ero Diogo Jota y su hermano este s\u00e1bado, dos d\u00edas despu\u00e9s de que los hermanos fallecieran en un accidente automovil\u00edstico en Espa\u00f1a.\u00a0 Seguir leyendo&#8230;<\/p>\n","protected":false},"author":1,"featured_media":31328,"comment_status":"","ping_status":"","sticky":false,"template":"","format":"standard","meta":{"_et_pb_use_builder":"","_et_pb_old_content":"","_et_gb_content_width":"","footnotes":""},"categories":[1],"tags":[],"class_list":["post-31327","post","type-post","status-publish","format-standard","has-post-thumbnail","hentry","category-blog","et-has-post-format-content","et_post_format-et-post-format-standard"],"_links":{"self":[{"href":"https:\/\/trayectoriadeportiva.com\/index.php\/wp-json\/wp\/v2\/posts\/31327","targetHints":{"allow":["GET"]}}],"collection":[{"href":"https:\/\/trayectoriadeportiva.com\/index.php\/wp-json\/wp\/v2\/posts"}],"about":[{"href":"https:\/\/trayectoriadeportiva.com\/index.php\/wp-json\/wp\/v2\/types\/post"}],"author":[{"embeddable":true,"href":"https:\/\/trayectoriadeportiva.com\/index.php\/wp-json\/wp\/v2\/users\/1"}],"replies":[{"embeddable":true,"href":"https:\/\/trayectoriadeportiva.com\/index.php\/wp-json\/wp\/v2\/comments?post=31327"}],"version-history":[{"count":0,"href":"https:\/\/trayectoriadeportiva.com\/index.php\/wp-json\/wp\/v2\/posts\/31327\/revisions"}],"wp:featuredmedia":[{"embeddable":true,"href":"https:\/\/trayectoriadeportiva.com\/index.php\/wp-json\/wp\/v2\/media\/31328"}],"wp:attachment":[{"href":"https:\/\/trayectoriadeportiva.com\/index.php\/wp-json\/wp\/v2\/media?parent=31327"}],"wp:term":[{"taxonomy":"category","embeddable":true,"href":"https:\/\/trayectoriadeportiva.com\/index.php\/wp-json\/wp\/v2\/categories?post=31327"},{"taxonomy":"post_tag","embeddable":true,"href":"https:\/\/trayectoriadeportiva.com\/index.php\/wp-json\/wp\/v2\/tags?post=31327"}],"curies":[{"name":"wp","href":"https:\/\/api.w.org\/{rel}","templated":true}]}}