{"id":31331,"date":"2025-07-05T16:28:06","date_gmt":"2025-07-05T16:28:06","guid":{"rendered":"https:\/\/trayectoriadeportiva.com\/index.php\/2025\/07\/05\/philipsen-triunfa-y-evenepoel-y-roglic-caen-en-la-primera-trampa\/"},"modified":"2025-07-05T16:28:06","modified_gmt":"2025-07-05T16:28:06","slug":"philipsen-triunfa-y-evenepoel-y-roglic-caen-en-la-primera-trampa","status":"publish","type":"post","link":"https:\/\/trayectoriadeportiva.com\/index.php\/2025\/07\/05\/philipsen-triunfa-y-evenepoel-y-roglic-caen-en-la-primera-trampa\/","title":{"rendered":"Philipsen triunfa y Evenepoel y Roglic caen en la primera trampa"},"content":{"rendered":"<p>Estr\u00e9s constante, nervios a flor de piel, ca\u00eddas, abanicos y mucho sufrimiento. Una completa locura para empezar un Tour de Francia que amenaza con convertirse en una cl\u00e1sica diaria durante esta primera semana. Ninguna carrera del mundo es comparable con lo que sucede en la <i>Grande Boucle <\/i>y en d\u00edas como ayer queda claro el porqu\u00e9. De todo pas\u00f3 en los primeros 185 kil\u00f3metros de los 3.500 previstos. Una etapa llana, sin aparente peligro, acab\u00f3 como el rosario de la aurora para la mayor\u00eda de favoritos, que como Remco Evenepoel, Primoz Roglic o Carlos Rodr\u00edguez, cedieron 38 segundos con respecto a Pogacar, Vingegaard o Enric Mas. Gan\u00f3 el belga Jasper Phillipsen, que se vestir\u00e1 de amarillo, en el sprint de Lille tras una coreograf\u00eda perfectamente articulada de hasta cuatro corredores del Alpecin.<\/p>\n<p><a href=\"https:\/\/www.lavanguardia.com\/deportes\/ciclismo\/20250705\/10861065\/phillipsen-gana-etapa-1-tour-de-francia-pogacar-vingegaard-lille.html\">Seguir leyendo&#8230;<\/a><\/p>","protected":false},"excerpt":{"rendered":"<p>Estr\u00e9s constante, nervios a flor de piel, ca\u00eddas, abanicos y mucho sufrimiento. Una completa locura para empezar un Tour de Francia que amenaza con convertirse en una cl\u00e1sica diaria durante esta primera semana. Ninguna carrera del mundo es comparable con lo que sucede en la Grande Boucle y en d\u00edas como ayer queda claro el [&hellip;]<\/p>\n","protected":false},"author":1,"featured_media":31332,"comment_status":"","ping_status":"","sticky":false,"template":"","format":"standard","meta":{"_et_pb_use_builder":"","_et_pb_old_content":"","_et_gb_content_width":"","footnotes":""},"categories":[1],"tags":[],"class_list":["post-31331","post","type-post","status-publish","format-standard","has-post-thumbnail","hentry","category-blog","et-has-post-format-content","et_post_format-et-post-format-standard"],"_links":{"self":[{"href":"https:\/\/trayectoriadeportiva.com\/index.php\/wp-json\/wp\/v2\/posts\/31331","targetHints":{"allow":["GET"]}}],"collection":[{"href":"https:\/\/trayectoriadeportiva.com\/index.php\/wp-json\/wp\/v2\/posts"}],"about":[{"href":"https:\/\/trayectoriadeportiva.com\/index.php\/wp-json\/wp\/v2\/types\/post"}],"author":[{"embeddable":true,"href":"https:\/\/trayectoriadeportiva.com\/index.php\/wp-json\/wp\/v2\/users\/1"}],"replies":[{"embeddable":true,"href":"https:\/\/trayectoriadeportiva.com\/index.php\/wp-json\/wp\/v2\/comments?post=31331"}],"version-history":[{"count":0,"href":"https:\/\/trayectoriadeportiva.com\/index.php\/wp-json\/wp\/v2\/posts\/31331\/revisions"}],"wp:featuredmedia":[{"embeddable":true,"href":"https:\/\/trayectoriadeportiva.com\/index.php\/wp-json\/wp\/v2\/media\/31332"}],"wp:attachment":[{"href":"https:\/\/trayectoriadeportiva.com\/index.php\/wp-json\/wp\/v2\/media?parent=31331"}],"wp:term":[{"taxonomy":"category","embeddable":true,"href":"https:\/\/trayectoriadeportiva.com\/index.php\/wp-json\/wp\/v2\/categories?post=31331"},{"taxonomy":"post_tag","embeddable":true,"href":"https:\/\/trayectoriadeportiva.com\/index.php\/wp-json\/wp\/v2\/tags?post=31331"}],"curies":[{"name":"wp","href":"https:\/\/api.w.org\/{rel}","templated":true}]}}