{"id":3137,"date":"2023-11-25T05:00:00","date_gmt":"2023-11-25T05:00:00","guid":{"rendered":"https:\/\/trayectoriadeportiva.com\/index.php\/2023\/11\/25\/el-afan-de-doce-jovenes\/"},"modified":"2023-11-25T05:00:00","modified_gmt":"2023-11-25T05:00:00","slug":"el-afan-de-doce-jovenes","status":"publish","type":"post","link":"https:\/\/trayectoriadeportiva.com\/index.php\/2023\/11\/25\/el-afan-de-doce-jovenes\/","title":{"rendered":"El af\u00e1n de doce j\u00f3venes"},"content":{"rendered":"<p>El mi\u00e9rcoles, 29 de noviembre, el FC Barcelona celebrar\u00e1 sus primeros 124 a\u00f1os de existencia. Cuesta mucho encontrar muchas instituciones, ya no digo deportivas, sino de cualquier otro tipo, que no sean religiosas, dinast\u00edas mon\u00e1rquicas, el Banco de Inglaterra, la Universidad de Bolonia, que sean al mismo tiempo tan antiguas y conserven tanta incidencia en nuestro d\u00eda a d\u00eda. El esp\u00edritu que ha guiado la historia del Bar\u00e7a ha sobrevivido a todo tipo de adversidades y da la impresi\u00f3n de que, a d\u00eda de hoy, sigue m\u00e1s fuerte que nunca. Lejos de intentar explicar el por qu\u00e9, Dios me libre, es incre\u00edble que, en tres siglos diferentes de historia humana, XIX, XX y XXI, <a href=\"https:\/\/www.lavanguardia.com\/deportes\/futbol\/20110130\/54107502426\/el-primer-barca-de-la-historia-nacio-antes-que-el-fundado-por-joan-gamper.html\">el af\u00e1n de doce j\u00f3venes, dos suizos, tres ingleses, un alem\u00e1n, un aragon\u00e9s y cinco catalanes, que rondaban la veintena de a\u00f1os de edad, siga teniendo tanto sentido para tanta gente<\/a>. No es solo que no hubiera tel\u00e9fonos, ni coches ni tocadiscos, en la \u00e9poca en que lo fundaron, sino que el club ha sobrevivido a cuatro cambios de r\u00e9gimen, dos de ellos dictaduras, una guerra civil, el exilio de un presidente, el fusilamiento de otro, dos guerras mundiales, grandes crisis econ\u00f3micas, cambios tecnol\u00f3gicos, revoluciones culturales&#8230;<\/p>\n<p><a href=\"https:\/\/www.lavanguardia.com\/deportes\/fc-barcelona\/20231125\/9405013\/afan-doce-jovenes.html\">Seguir leyendo&#8230;<\/a><\/p>","protected":false},"excerpt":{"rendered":"<p>El mi\u00e9rcoles, 29 de noviembre, el FC Barcelona celebrar\u00e1 sus primeros 124 a\u00f1os de existencia. Cuesta mucho encontrar muchas instituciones, ya no digo deportivas, sino de cualquier otro tipo, que no sean religiosas, dinast\u00edas mon\u00e1rquicas, el Banco de Inglaterra, la Universidad de Bolonia, que sean al mismo tiempo tan antiguas y conserven tanta incidencia en [&hellip;]<\/p>\n","protected":false},"author":0,"featured_media":3138,"comment_status":"","ping_status":"","sticky":false,"template":"","format":"standard","meta":{"_et_pb_use_builder":"","_et_pb_old_content":"","_et_gb_content_width":"","footnotes":""},"categories":[1],"tags":[],"class_list":["post-3137","post","type-post","status-publish","format-standard","has-post-thumbnail","hentry","category-blog","et-has-post-format-content","et_post_format-et-post-format-standard"],"_links":{"self":[{"href":"https:\/\/trayectoriadeportiva.com\/index.php\/wp-json\/wp\/v2\/posts\/3137","targetHints":{"allow":["GET"]}}],"collection":[{"href":"https:\/\/trayectoriadeportiva.com\/index.php\/wp-json\/wp\/v2\/posts"}],"about":[{"href":"https:\/\/trayectoriadeportiva.com\/index.php\/wp-json\/wp\/v2\/types\/post"}],"replies":[{"embeddable":true,"href":"https:\/\/trayectoriadeportiva.com\/index.php\/wp-json\/wp\/v2\/comments?post=3137"}],"version-history":[{"count":0,"href":"https:\/\/trayectoriadeportiva.com\/index.php\/wp-json\/wp\/v2\/posts\/3137\/revisions"}],"wp:featuredmedia":[{"embeddable":true,"href":"https:\/\/trayectoriadeportiva.com\/index.php\/wp-json\/wp\/v2\/media\/3138"}],"wp:attachment":[{"href":"https:\/\/trayectoriadeportiva.com\/index.php\/wp-json\/wp\/v2\/media?parent=3137"}],"wp:term":[{"taxonomy":"category","embeddable":true,"href":"https:\/\/trayectoriadeportiva.com\/index.php\/wp-json\/wp\/v2\/categories?post=3137"},{"taxonomy":"post_tag","embeddable":true,"href":"https:\/\/trayectoriadeportiva.com\/index.php\/wp-json\/wp\/v2\/tags?post=3137"}],"curies":[{"name":"wp","href":"https:\/\/api.w.org\/{rel}","templated":true}]}}