{"id":31417,"date":"2025-07-07T15:37:45","date_gmt":"2025-07-07T15:37:45","guid":{"rendered":"https:\/\/trayectoriadeportiva.com\/index.php\/2025\/07\/07\/el-barca-ultima-el-traspaso-de-pablo-torre-al-mallorca-y-renueva-a-szczesny-hasta-2027\/"},"modified":"2025-07-07T15:37:45","modified_gmt":"2025-07-07T15:37:45","slug":"el-barca-ultima-el-traspaso-de-pablo-torre-al-mallorca-y-renueva-a-szczesny-hasta-2027","status":"publish","type":"post","link":"https:\/\/trayectoriadeportiva.com\/index.php\/2025\/07\/07\/el-barca-ultima-el-traspaso-de-pablo-torre-al-mallorca-y-renueva-a-szczesny-hasta-2027\/","title":{"rendered":"El Bar\u00e7a ultima el traspaso de Pablo Torre al Mallorca y renueva a Szczesny hasta 2027"},"content":{"rendered":"<p>La operaci\u00f3n salida del Bar\u00e7a sigue su curso. <a href=\"https:\/\/www.lavanguardia.com\/deportes\/fc-barcelona\/20250701\/10845455\/ansu-fati-renueva-barca-marcha-cedido-monaco.html\" title=\"Ansu Fati renueva con el Bar\u00e7a y se marcha cedido al M\u00f3naco\">Tras la cesi\u00f3n de Ansu Fati al M\u00f3naco<\/a>, el siguiente en salir ser\u00e1 Pablo Torre. El c\u00e1ntabro se marcha traspasado al Mallorca y el Bar\u00e7a pr\u00e1cticamente recupera la inversi\u00f3n que hizo por el centrocampista c\u00e1ntabro, que lleg\u00f3 al Bar\u00e7a en junio del 2022 procedente del Racing de Santander por 5 millones de euros. El club blaugrana percibir\u00e1 por esta venta unos 4,8 millones de euros. Y, adem\u00e1s, libera otros 4 millones de<i> fair play<\/i> financiero. En la operaci\u00f3n con el Mallorca se acord\u00f3 que el Bar\u00e7a se guardar\u00eda un 50% de los derechos del futbolista de 22 a\u00f1os, una opci\u00f3n de recompra y una plusval\u00eda en caso de venta futura.<\/p>\n<p><a href=\"https:\/\/www.lavanguardia.com\/deportes\/fc-barcelona\/20250707\/10865949\/barca-ultima-traspaso-pablo-torre-mallorca-renovacion-szczesny-2027.html\">Seguir leyendo&#8230;<\/a><\/p>","protected":false},"excerpt":{"rendered":"<p>La operaci\u00f3n salida del Bar\u00e7a sigue su curso. Tras la cesi\u00f3n de Ansu Fati al M\u00f3naco, el siguiente en salir ser\u00e1 Pablo Torre. El c\u00e1ntabro se marcha traspasado al Mallorca y el Bar\u00e7a pr\u00e1cticamente recupera la inversi\u00f3n que hizo por el centrocampista c\u00e1ntabro, que lleg\u00f3 al Bar\u00e7a en junio del 2022 procedente del Racing de [&hellip;]<\/p>\n","protected":false},"author":1,"featured_media":31418,"comment_status":"","ping_status":"","sticky":false,"template":"","format":"standard","meta":{"_et_pb_use_builder":"","_et_pb_old_content":"","_et_gb_content_width":"","footnotes":""},"categories":[1],"tags":[],"class_list":["post-31417","post","type-post","status-publish","format-standard","has-post-thumbnail","hentry","category-blog","et-has-post-format-content","et_post_format-et-post-format-standard"],"_links":{"self":[{"href":"https:\/\/trayectoriadeportiva.com\/index.php\/wp-json\/wp\/v2\/posts\/31417","targetHints":{"allow":["GET"]}}],"collection":[{"href":"https:\/\/trayectoriadeportiva.com\/index.php\/wp-json\/wp\/v2\/posts"}],"about":[{"href":"https:\/\/trayectoriadeportiva.com\/index.php\/wp-json\/wp\/v2\/types\/post"}],"author":[{"embeddable":true,"href":"https:\/\/trayectoriadeportiva.com\/index.php\/wp-json\/wp\/v2\/users\/1"}],"replies":[{"embeddable":true,"href":"https:\/\/trayectoriadeportiva.com\/index.php\/wp-json\/wp\/v2\/comments?post=31417"}],"version-history":[{"count":0,"href":"https:\/\/trayectoriadeportiva.com\/index.php\/wp-json\/wp\/v2\/posts\/31417\/revisions"}],"wp:featuredmedia":[{"embeddable":true,"href":"https:\/\/trayectoriadeportiva.com\/index.php\/wp-json\/wp\/v2\/media\/31418"}],"wp:attachment":[{"href":"https:\/\/trayectoriadeportiva.com\/index.php\/wp-json\/wp\/v2\/media?parent=31417"}],"wp:term":[{"taxonomy":"category","embeddable":true,"href":"https:\/\/trayectoriadeportiva.com\/index.php\/wp-json\/wp\/v2\/categories?post=31417"},{"taxonomy":"post_tag","embeddable":true,"href":"https:\/\/trayectoriadeportiva.com\/index.php\/wp-json\/wp\/v2\/tags?post=31417"}],"curies":[{"name":"wp","href":"https:\/\/api.w.org\/{rel}","templated":true}]}}