{"id":31427,"date":"2025-07-07T19:39:03","date_gmt":"2025-07-07T19:39:03","guid":{"rendered":"https:\/\/trayectoriadeportiva.com\/index.php\/2025\/07\/07\/pina-continua-su-idilio-con-el-gol-en-suiza\/"},"modified":"2025-07-07T19:39:03","modified_gmt":"2025-07-07T19:39:03","slug":"pina-continua-su-idilio-con-el-gol-en-suiza","status":"publish","type":"post","link":"https:\/\/trayectoriadeportiva.com\/index.php\/2025\/07\/07\/pina-continua-su-idilio-con-el-gol-en-suiza\/","title":{"rendered":"Pina contin\u00faa su idilio con el gol en Suiza"},"content":{"rendered":"<p>Lleva a\u00f1os creciendo entre grandes jugadoras. A su lado ha visto a compa\u00f1eras alcanzar la cima, galardonadas con los m\u00e1s prestigiosos premios individuales. Y junto a ellas ha ganado casi todos los t\u00edtulos. Siempre en un segundo plano, ha evolucionado paso a paso, con menos focos, hasta llegar al nivel de las mejores. Claudia Pina cerr\u00f3 hace un mes su mejor campa\u00f1a en el Bar\u00e7a y ayer, con Espa\u00f1a, dej\u00f3 su sello con un golazo.<\/p>\n<p><a href=\"https:\/\/www.lavanguardia.com\/deportes\/20250707\/10866604\/pina-continua-idilio-suiza-eurocopa-espana-belgica.html\">Seguir leyendo&#8230;<\/a><\/p>","protected":false},"excerpt":{"rendered":"<p>Lleva a\u00f1os creciendo entre grandes jugadoras. A su lado ha visto a compa\u00f1eras alcanzar la cima, galardonadas con los m\u00e1s prestigiosos premios individuales. Y junto a ellas ha ganado casi todos los t\u00edtulos. Siempre en un segundo plano, ha evolucionado paso a paso, con menos focos, hasta llegar al nivel de las mejores. Claudia Pina [&hellip;]<\/p>\n","protected":false},"author":1,"featured_media":31428,"comment_status":"","ping_status":"","sticky":false,"template":"","format":"standard","meta":{"_et_pb_use_builder":"","_et_pb_old_content":"","_et_gb_content_width":"","footnotes":""},"categories":[1],"tags":[],"class_list":["post-31427","post","type-post","status-publish","format-standard","has-post-thumbnail","hentry","category-blog","et-has-post-format-content","et_post_format-et-post-format-standard"],"_links":{"self":[{"href":"https:\/\/trayectoriadeportiva.com\/index.php\/wp-json\/wp\/v2\/posts\/31427","targetHints":{"allow":["GET"]}}],"collection":[{"href":"https:\/\/trayectoriadeportiva.com\/index.php\/wp-json\/wp\/v2\/posts"}],"about":[{"href":"https:\/\/trayectoriadeportiva.com\/index.php\/wp-json\/wp\/v2\/types\/post"}],"author":[{"embeddable":true,"href":"https:\/\/trayectoriadeportiva.com\/index.php\/wp-json\/wp\/v2\/users\/1"}],"replies":[{"embeddable":true,"href":"https:\/\/trayectoriadeportiva.com\/index.php\/wp-json\/wp\/v2\/comments?post=31427"}],"version-history":[{"count":0,"href":"https:\/\/trayectoriadeportiva.com\/index.php\/wp-json\/wp\/v2\/posts\/31427\/revisions"}],"wp:featuredmedia":[{"embeddable":true,"href":"https:\/\/trayectoriadeportiva.com\/index.php\/wp-json\/wp\/v2\/media\/31428"}],"wp:attachment":[{"href":"https:\/\/trayectoriadeportiva.com\/index.php\/wp-json\/wp\/v2\/media?parent=31427"}],"wp:term":[{"taxonomy":"category","embeddable":true,"href":"https:\/\/trayectoriadeportiva.com\/index.php\/wp-json\/wp\/v2\/categories?post=31427"},{"taxonomy":"post_tag","embeddable":true,"href":"https:\/\/trayectoriadeportiva.com\/index.php\/wp-json\/wp\/v2\/tags?post=31427"}],"curies":[{"name":"wp","href":"https:\/\/api.w.org\/{rel}","templated":true}]}}