{"id":31505,"date":"2025-07-09T09:01:05","date_gmt":"2025-07-09T09:01:05","guid":{"rendered":"https:\/\/trayectoriadeportiva.com\/index.php\/2025\/07\/09\/leo-messi-38-anos-soy-una-persona-que-se-lo-guarda-todo-para-dentro-y-me-como-lo-bueno-y-lo-malo-cuando-fui-al-psicologo-me-ayudo-muchisimo\/"},"modified":"2025-07-09T09:01:05","modified_gmt":"2025-07-09T09:01:05","slug":"leo-messi-38-anos-soy-una-persona-que-se-lo-guarda-todo-para-dentro-y-me-como-lo-bueno-y-lo-malo-cuando-fui-al-psicologo-me-ayudo-muchisimo","status":"publish","type":"post","link":"https:\/\/trayectoriadeportiva.com\/index.php\/2025\/07\/09\/leo-messi-38-anos-soy-una-persona-que-se-lo-guarda-todo-para-dentro-y-me-como-lo-bueno-y-lo-malo-cuando-fui-al-psicologo-me-ayudo-muchisimo\/","title":{"rendered":"Leo Messi, 38 a\u00f1os: \u201cSoy una persona que se lo guarda todo para dentro y me como lo bueno y lo malo. Cuando fui al psic\u00f3logo me ayud\u00f3 much\u00edsimo\u201d"},"content":{"rendered":"<p>La salud mental es un tema del que se habla cada vez m\u00e1s en los \u00faltimos a\u00f1os, tanto en las instituciones como en la calle. Numerosos rostros conocidos han reconocido haber atravesado problemas relacionados en alg\u00fan punto de sus vidas o han hablado abiertamente de las terapias a las que acuden para poder vivir mejor.<\/p>\n<p><a href=\"https:\/\/www.lavanguardia.com\/deportes\/20250709\/10871437\/leo-messi-38-anos-persona-guarda-me-bueno-malo-psicologo-me-ayudo-gvm2.html\">Seguir leyendo&#8230;<\/a><\/p>","protected":false},"excerpt":{"rendered":"<p>La salud mental es un tema del que se habla cada vez m\u00e1s en los \u00faltimos a\u00f1os, tanto en las instituciones como en la calle. Numerosos rostros conocidos han reconocido haber atravesado problemas relacionados en alg\u00fan punto de sus vidas o han hablado abiertamente de las terapias a las que acuden para poder vivir mejor. [&hellip;]<\/p>\n","protected":false},"author":1,"featured_media":31506,"comment_status":"","ping_status":"","sticky":false,"template":"","format":"standard","meta":{"_et_pb_use_builder":"","_et_pb_old_content":"","_et_gb_content_width":"","footnotes":""},"categories":[1],"tags":[],"class_list":["post-31505","post","type-post","status-publish","format-standard","has-post-thumbnail","hentry","category-blog","et-has-post-format-content","et_post_format-et-post-format-standard"],"_links":{"self":[{"href":"https:\/\/trayectoriadeportiva.com\/index.php\/wp-json\/wp\/v2\/posts\/31505","targetHints":{"allow":["GET"]}}],"collection":[{"href":"https:\/\/trayectoriadeportiva.com\/index.php\/wp-json\/wp\/v2\/posts"}],"about":[{"href":"https:\/\/trayectoriadeportiva.com\/index.php\/wp-json\/wp\/v2\/types\/post"}],"author":[{"embeddable":true,"href":"https:\/\/trayectoriadeportiva.com\/index.php\/wp-json\/wp\/v2\/users\/1"}],"replies":[{"embeddable":true,"href":"https:\/\/trayectoriadeportiva.com\/index.php\/wp-json\/wp\/v2\/comments?post=31505"}],"version-history":[{"count":0,"href":"https:\/\/trayectoriadeportiva.com\/index.php\/wp-json\/wp\/v2\/posts\/31505\/revisions"}],"wp:featuredmedia":[{"embeddable":true,"href":"https:\/\/trayectoriadeportiva.com\/index.php\/wp-json\/wp\/v2\/media\/31506"}],"wp:attachment":[{"href":"https:\/\/trayectoriadeportiva.com\/index.php\/wp-json\/wp\/v2\/media?parent=31505"}],"wp:term":[{"taxonomy":"category","embeddable":true,"href":"https:\/\/trayectoriadeportiva.com\/index.php\/wp-json\/wp\/v2\/categories?post=31505"},{"taxonomy":"post_tag","embeddable":true,"href":"https:\/\/trayectoriadeportiva.com\/index.php\/wp-json\/wp\/v2\/tags?post=31505"}],"curies":[{"name":"wp","href":"https:\/\/api.w.org\/{rel}","templated":true}]}}