{"id":31531,"date":"2025-07-09T14:32:16","date_gmt":"2025-07-09T14:32:16","guid":{"rendered":"https:\/\/trayectoriadeportiva.com\/index.php\/2025\/07\/09\/la-avanzadilla-del-barca-ya-trabaja\/"},"modified":"2025-07-09T14:32:16","modified_gmt":"2025-07-09T14:32:16","slug":"la-avanzadilla-del-barca-ya-trabaja","status":"publish","type":"post","link":"https:\/\/trayectoriadeportiva.com\/index.php\/2025\/07\/09\/la-avanzadilla-del-barca-ya-trabaja\/","title":{"rendered":"La avanzadilla del Bar\u00e7a ya trabaja"},"content":{"rendered":"<p>No ser\u00e1 hasta el domingo cuando se d\u00e9 el pistoletazo de salida oficial a la pretemporada del Bar\u00e7a. Para ese d\u00eda est\u00e1n convocados todos los futbolistas del conjunto barcelonista, m\u00e1s algunos meritorios del filial. En esa jornada tendr\u00e1n lugar las prueba m\u00e9dicas preceptivas. Ser\u00e1n la antesala del primer entrenamiento de grupo, previsto para el pr\u00f3ximo lunes. Pero antes de la puesta en com\u00fan algunos futbolistas han avanzado por voluntad propia el regreso al trabajo.<\/p>\n<p><a href=\"https:\/\/www.lavanguardia.com\/deportes\/20250709\/10873431\/avanzadilla-barca-trabaja.html\">Seguir leyendo&#8230;<\/a><\/p>","protected":false},"excerpt":{"rendered":"<p>No ser\u00e1 hasta el domingo cuando se d\u00e9 el pistoletazo de salida oficial a la pretemporada del Bar\u00e7a. Para ese d\u00eda est\u00e1n convocados todos los futbolistas del conjunto barcelonista, m\u00e1s algunos meritorios del filial. En esa jornada tendr\u00e1n lugar las prueba m\u00e9dicas preceptivas. Ser\u00e1n la antesala del primer entrenamiento de grupo, previsto para el pr\u00f3ximo [&hellip;]<\/p>\n","protected":false},"author":1,"featured_media":31532,"comment_status":"","ping_status":"","sticky":false,"template":"","format":"standard","meta":{"_et_pb_use_builder":"","_et_pb_old_content":"","_et_gb_content_width":"","footnotes":""},"categories":[1],"tags":[],"class_list":["post-31531","post","type-post","status-publish","format-standard","has-post-thumbnail","hentry","category-blog","et-has-post-format-content","et_post_format-et-post-format-standard"],"_links":{"self":[{"href":"https:\/\/trayectoriadeportiva.com\/index.php\/wp-json\/wp\/v2\/posts\/31531","targetHints":{"allow":["GET"]}}],"collection":[{"href":"https:\/\/trayectoriadeportiva.com\/index.php\/wp-json\/wp\/v2\/posts"}],"about":[{"href":"https:\/\/trayectoriadeportiva.com\/index.php\/wp-json\/wp\/v2\/types\/post"}],"author":[{"embeddable":true,"href":"https:\/\/trayectoriadeportiva.com\/index.php\/wp-json\/wp\/v2\/users\/1"}],"replies":[{"embeddable":true,"href":"https:\/\/trayectoriadeportiva.com\/index.php\/wp-json\/wp\/v2\/comments?post=31531"}],"version-history":[{"count":0,"href":"https:\/\/trayectoriadeportiva.com\/index.php\/wp-json\/wp\/v2\/posts\/31531\/revisions"}],"wp:featuredmedia":[{"embeddable":true,"href":"https:\/\/trayectoriadeportiva.com\/index.php\/wp-json\/wp\/v2\/media\/31532"}],"wp:attachment":[{"href":"https:\/\/trayectoriadeportiva.com\/index.php\/wp-json\/wp\/v2\/media?parent=31531"}],"wp:term":[{"taxonomy":"category","embeddable":true,"href":"https:\/\/trayectoriadeportiva.com\/index.php\/wp-json\/wp\/v2\/categories?post=31531"},{"taxonomy":"post_tag","embeddable":true,"href":"https:\/\/trayectoriadeportiva.com\/index.php\/wp-json\/wp\/v2\/tags?post=31531"}],"curies":[{"name":"wp","href":"https:\/\/api.w.org\/{rel}","templated":true}]}}