{"id":31607,"date":"2025-07-10T19:16:19","date_gmt":"2025-07-10T19:16:19","guid":{"rendered":"https:\/\/trayectoriadeportiva.com\/index.php\/2025\/07\/10\/lewis-hamilton-40-anos-la-depresion-me-acompana-desde-los-13-por-la-presion-del-motor-y-el-bullying-y-nunca-he-tenido-con-quien-hablar\/"},"modified":"2025-07-10T19:16:19","modified_gmt":"2025-07-10T19:16:19","slug":"lewis-hamilton-40-anos-la-depresion-me-acompana-desde-los-13-por-la-presion-del-motor-y-el-bullying-y-nunca-he-tenido-con-quien-hablar","status":"publish","type":"post","link":"https:\/\/trayectoriadeportiva.com\/index.php\/2025\/07\/10\/lewis-hamilton-40-anos-la-depresion-me-acompana-desde-los-13-por-la-presion-del-motor-y-el-bullying-y-nunca-he-tenido-con-quien-hablar\/","title":{"rendered":"Lewis Hamilton, 40 a\u00f1os: \u201cLa depresi\u00f3n me acompa\u00f1a desde los 13 por la presi\u00f3n del motor y el bullying, y nunca he tenido con qui\u00e9n hablar\u201d"},"content":{"rendered":"<p><a href=\"https:\/\/www.lavanguardia.com\/deportes\/20250707\/10865245\/fernando-alonso-43-anos-dieta-vegetariana-deje-comer-carne-pescado-me-sentia-pesado-gvm2.html\" title=\"Fernando Alonso, 43 a\u00f1os: \u201cTengo una dieta como vegetariana, dej\u00e9 de comer carne y pescado porque me sent\u00eda pesado\u201d\" target=\"_blank\">Lewis Hamilton<\/a> ha ganado siete campeonatos del mundo, ha roto r\u00e9cords en todos los circuitos del planeta y ha hecho historia como el primer piloto negro en la <a href=\"https:\/\/www.lavanguardia.com\/deportes\/automovilismo\/20250709\/10871902\/christian-horner-despedido-red-bull-20-anos-liderando-escuderia.html\" title=\"Christian Horner es despedido por Red Bull tras 20 a\u00f1os liderando la escuder\u00eda\" target=\"_blank\">F\u00f3rmula 1<\/a>. Sin embargo, la carrera m\u00e1s dura \u2014y silenciosa\u2014 la ha librado por dentro. \u201cHe luchado con la salud mental toda mi vida\u201d, confes\u00f3 el brit\u00e1nico en una entrevista en <i>The Times<\/i> hace unos meses, a mitad de la temporada pasada. \u201cLa<a href=\"https:\/\/www.lavanguardia.com\/deportes\/20250710\/10876925\/cristina-vega-psicologa-deportiva-betis-psicologo-deportista-necesita-situaciones-pueden-tambalear-vida-verlas-otra-perspectiva-gvm.html\" title=\"Cristina Vega, psic\u00f3loga deportiva del Betis: \u201cEl psic\u00f3logo acompa\u00f1a el deportista cuando lo necesita, porque hay situaciones que pueden tambalear su vida y necesita verlas desde otra perspectiva\u201d\" target=\"_blank\"> depresi\u00f3n <\/a>me acompa\u00f1a desde los 13 a\u00f1os\u2026 y nunca he tenido con qui\u00e9n hablar\u201d.<\/p>\n<p><a href=\"https:\/\/www.lavanguardia.com\/deportes\/20250710\/10878255\/lewis-hamilton-40-anos-depresion-me-acompana-13-presion-motor-bullying-nunca-he-tenido-hablar-gvm2.html\">Seguir leyendo&#8230;<\/a><\/p>","protected":false},"excerpt":{"rendered":"<p>Lewis Hamilton ha ganado siete campeonatos del mundo, ha roto r\u00e9cords en todos los circuitos del planeta y ha hecho historia como el primer piloto negro en la F\u00f3rmula 1. Sin embargo, la carrera m\u00e1s dura \u2014y silenciosa\u2014 la ha librado por dentro. \u201cHe luchado con la salud mental toda mi vida\u201d, confes\u00f3 el brit\u00e1nico [&hellip;]<\/p>\n","protected":false},"author":1,"featured_media":31608,"comment_status":"","ping_status":"","sticky":false,"template":"","format":"standard","meta":{"_et_pb_use_builder":"","_et_pb_old_content":"","_et_gb_content_width":"","footnotes":""},"categories":[1],"tags":[],"class_list":["post-31607","post","type-post","status-publish","format-standard","has-post-thumbnail","hentry","category-blog","et-has-post-format-content","et_post_format-et-post-format-standard"],"_links":{"self":[{"href":"https:\/\/trayectoriadeportiva.com\/index.php\/wp-json\/wp\/v2\/posts\/31607","targetHints":{"allow":["GET"]}}],"collection":[{"href":"https:\/\/trayectoriadeportiva.com\/index.php\/wp-json\/wp\/v2\/posts"}],"about":[{"href":"https:\/\/trayectoriadeportiva.com\/index.php\/wp-json\/wp\/v2\/types\/post"}],"author":[{"embeddable":true,"href":"https:\/\/trayectoriadeportiva.com\/index.php\/wp-json\/wp\/v2\/users\/1"}],"replies":[{"embeddable":true,"href":"https:\/\/trayectoriadeportiva.com\/index.php\/wp-json\/wp\/v2\/comments?post=31607"}],"version-history":[{"count":0,"href":"https:\/\/trayectoriadeportiva.com\/index.php\/wp-json\/wp\/v2\/posts\/31607\/revisions"}],"wp:featuredmedia":[{"embeddable":true,"href":"https:\/\/trayectoriadeportiva.com\/index.php\/wp-json\/wp\/v2\/media\/31608"}],"wp:attachment":[{"href":"https:\/\/trayectoriadeportiva.com\/index.php\/wp-json\/wp\/v2\/media?parent=31607"}],"wp:term":[{"taxonomy":"category","embeddable":true,"href":"https:\/\/trayectoriadeportiva.com\/index.php\/wp-json\/wp\/v2\/categories?post=31607"},{"taxonomy":"post_tag","embeddable":true,"href":"https:\/\/trayectoriadeportiva.com\/index.php\/wp-json\/wp\/v2\/tags?post=31607"}],"curies":[{"name":"wp","href":"https:\/\/api.w.org\/{rel}","templated":true}]}}