{"id":31633,"date":"2025-07-11T14:06:27","date_gmt":"2025-07-11T14:06:27","guid":{"rendered":"https:\/\/trayectoriadeportiva.com\/index.php\/2025\/07\/11\/la-interpol-encuentra-a-slaughter-en-su-casa-tras-cinco-anos-de-busqueda-y-la-juez-ordena-citarlo-a-juicio\/"},"modified":"2025-07-11T14:06:27","modified_gmt":"2025-07-11T14:06:27","slug":"la-interpol-encuentra-a-slaughter-en-su-casa-tras-cinco-anos-de-busqueda-y-la-juez-ordena-citarlo-a-juicio","status":"publish","type":"post","link":"https:\/\/trayectoriadeportiva.com\/index.php\/2025\/07\/11\/la-interpol-encuentra-a-slaughter-en-su-casa-tras-cinco-anos-de-busqueda-y-la-juez-ordena-citarlo-a-juicio\/","title":{"rendered":"La Interpol encuentra a Slaughter en su casa tras cinco a\u00f1os de b\u00fasqueda y la juez ordena citarlo a juicio"},"content":{"rendered":"<p>El caso Slaughter llega a su fin. La Interpol ha localizado en su casa al exp\u00edvot del Real Madrid cinco a\u00f1os despu\u00e9s de que se esfumara de la acci\u00f3n de la justicia y el juzgado de Madrid ha ordenado que se le cite para juicio por la falsificaci\u00f3n de su pasaporte. As\u00ed consta en la documentaci\u00f3n a la que ha tenido acceso<i> La Vanguardia<\/i>.\u00a0 Slaughter est\u00e1 acusado de haber <a href=\"https:\/\/www.lavanguardia.com\/edicion-impresa\/20160201\/301806788369\/el-caso-slaughter-amenaza-al-real-madrid.html\" title=\"El caso Slaughter amenaza al Real Madrid\">falsificado un pasaporte ecuatoguineano cuando era jugador del Real Madrid<\/a> para no ocupar plaza de extracomunitario gracias al acuerdo Cotonou. El p\u00edvot disput\u00f3 varios encuentros como jugador comunitario en la temporada que el Madrid gan\u00f3 la Liga y la Copa del Rey. El FC Barcelona, que est\u00e1 personado en la causa judicial, lleva a\u00f1os reclamando la localizaci\u00f3n y el enjuiciamiento de Slaughter porque en caso de condena reclamar\u00e1 a la justicia deportiva que le retire los dos t\u00edtulos al equipo blanco por alineaci\u00f3n indebida.<\/p>\n<p><a href=\"https:\/\/www.lavanguardia.com\/deportes\/20250711\/10880838\/interpol-encuentra-slaughter-casa-cinco-anos-busqueda-juez-ordena-citarlo-juicio.html\">Seguir leyendo&#8230;<\/a><\/p>","protected":false},"excerpt":{"rendered":"<p>El caso Slaughter llega a su fin. La Interpol ha localizado en su casa al exp\u00edvot del Real Madrid cinco a\u00f1os despu\u00e9s de que se esfumara de la acci\u00f3n de la justicia y el juzgado de Madrid ha ordenado que se le cite para juicio por la falsificaci\u00f3n de su pasaporte. As\u00ed consta en la [&hellip;]<\/p>\n","protected":false},"author":1,"featured_media":31634,"comment_status":"","ping_status":"","sticky":false,"template":"","format":"standard","meta":{"_et_pb_use_builder":"","_et_pb_old_content":"","_et_gb_content_width":"","footnotes":""},"categories":[1],"tags":[],"class_list":["post-31633","post","type-post","status-publish","format-standard","has-post-thumbnail","hentry","category-blog","et-has-post-format-content","et_post_format-et-post-format-standard"],"_links":{"self":[{"href":"https:\/\/trayectoriadeportiva.com\/index.php\/wp-json\/wp\/v2\/posts\/31633","targetHints":{"allow":["GET"]}}],"collection":[{"href":"https:\/\/trayectoriadeportiva.com\/index.php\/wp-json\/wp\/v2\/posts"}],"about":[{"href":"https:\/\/trayectoriadeportiva.com\/index.php\/wp-json\/wp\/v2\/types\/post"}],"author":[{"embeddable":true,"href":"https:\/\/trayectoriadeportiva.com\/index.php\/wp-json\/wp\/v2\/users\/1"}],"replies":[{"embeddable":true,"href":"https:\/\/trayectoriadeportiva.com\/index.php\/wp-json\/wp\/v2\/comments?post=31633"}],"version-history":[{"count":0,"href":"https:\/\/trayectoriadeportiva.com\/index.php\/wp-json\/wp\/v2\/posts\/31633\/revisions"}],"wp:featuredmedia":[{"embeddable":true,"href":"https:\/\/trayectoriadeportiva.com\/index.php\/wp-json\/wp\/v2\/media\/31634"}],"wp:attachment":[{"href":"https:\/\/trayectoriadeportiva.com\/index.php\/wp-json\/wp\/v2\/media?parent=31633"}],"wp:term":[{"taxonomy":"category","embeddable":true,"href":"https:\/\/trayectoriadeportiva.com\/index.php\/wp-json\/wp\/v2\/categories?post=31633"},{"taxonomy":"post_tag","embeddable":true,"href":"https:\/\/trayectoriadeportiva.com\/index.php\/wp-json\/wp\/v2\/tags?post=31633"}],"curies":[{"name":"wp","href":"https:\/\/api.w.org\/{rel}","templated":true}]}}