{"id":31637,"date":"2025-07-11T15:36:50","date_gmt":"2025-07-11T15:36:50","guid":{"rendered":"https:\/\/trayectoriadeportiva.com\/index.php\/2025\/07\/11\/inmisericorde-pogacar-que-lo-quiere-todo\/"},"modified":"2025-07-11T15:36:50","modified_gmt":"2025-07-11T15:36:50","slug":"inmisericorde-pogacar-que-lo-quiere-todo","status":"publish","type":"post","link":"https:\/\/trayectoriadeportiva.com\/index.php\/2025\/07\/11\/inmisericorde-pogacar-que-lo-quiere-todo\/","title":{"rendered":"Inmisericorde Pogacar, que lo quiere todo"},"content":{"rendered":"<p>En la Breta\u00f1a francesa son tan suyos, aman tanto a su tierra, que no dudan en rebautizar al Muro de Breta\u00f1a, 292 metros sobre el nivel del mar, como el Alpe d\u2019Huez bret\u00f3n. Solo son dos kil\u00f3metros de subida, pero los locales le dan categor\u00eda de subida m\u00edtica. Sea como sea es el primer final en alto del Tour \u2013quedan otros seis\u2013, aunque punt\u00fae como puerto de tercera, y eso pone las orejas tiesas a los grandes favoritos el Tour. Quiz\u00e1s exageran con esa nomenclatura pero en el momento de la verdad se quedan solos Pogacar, Vingegaard y Evenepoel, los tres primeros del a\u00f1o pasado, como si estuvieran en los Pirineos o en los Alpes.<\/p>\n<p><a href=\"https:\/\/www.lavanguardia.com\/deportes\/ciclismo\/20250711\/10881309\/inmisericorde-pogacar-que-lo-quiere-todo-tour-francia.html\">Seguir leyendo&#8230;<\/a><\/p>","protected":false},"excerpt":{"rendered":"<p>En la Breta\u00f1a francesa son tan suyos, aman tanto a su tierra, que no dudan en rebautizar al Muro de Breta\u00f1a, 292 metros sobre el nivel del mar, como el Alpe d\u2019Huez bret\u00f3n. Solo son dos kil\u00f3metros de subida, pero los locales le dan categor\u00eda de subida m\u00edtica. Sea como sea es el primer final [&hellip;]<\/p>\n","protected":false},"author":1,"featured_media":31638,"comment_status":"","ping_status":"","sticky":false,"template":"","format":"standard","meta":{"_et_pb_use_builder":"","_et_pb_old_content":"","_et_gb_content_width":"","footnotes":""},"categories":[1],"tags":[],"class_list":["post-31637","post","type-post","status-publish","format-standard","has-post-thumbnail","hentry","category-blog","et-has-post-format-content","et_post_format-et-post-format-standard"],"_links":{"self":[{"href":"https:\/\/trayectoriadeportiva.com\/index.php\/wp-json\/wp\/v2\/posts\/31637","targetHints":{"allow":["GET"]}}],"collection":[{"href":"https:\/\/trayectoriadeportiva.com\/index.php\/wp-json\/wp\/v2\/posts"}],"about":[{"href":"https:\/\/trayectoriadeportiva.com\/index.php\/wp-json\/wp\/v2\/types\/post"}],"author":[{"embeddable":true,"href":"https:\/\/trayectoriadeportiva.com\/index.php\/wp-json\/wp\/v2\/users\/1"}],"replies":[{"embeddable":true,"href":"https:\/\/trayectoriadeportiva.com\/index.php\/wp-json\/wp\/v2\/comments?post=31637"}],"version-history":[{"count":0,"href":"https:\/\/trayectoriadeportiva.com\/index.php\/wp-json\/wp\/v2\/posts\/31637\/revisions"}],"wp:featuredmedia":[{"embeddable":true,"href":"https:\/\/trayectoriadeportiva.com\/index.php\/wp-json\/wp\/v2\/media\/31638"}],"wp:attachment":[{"href":"https:\/\/trayectoriadeportiva.com\/index.php\/wp-json\/wp\/v2\/media?parent=31637"}],"wp:term":[{"taxonomy":"category","embeddable":true,"href":"https:\/\/trayectoriadeportiva.com\/index.php\/wp-json\/wp\/v2\/categories?post=31637"},{"taxonomy":"post_tag","embeddable":true,"href":"https:\/\/trayectoriadeportiva.com\/index.php\/wp-json\/wp\/v2\/tags?post=31637"}],"curies":[{"name":"wp","href":"https:\/\/api.w.org\/{rel}","templated":true}]}}