{"id":31695,"date":"2025-07-15T15:02:24","date_gmt":"2025-07-15T15:02:24","guid":{"rendered":"https:\/\/trayectoriadeportiva.com\/index.php\/2025\/07\/15\/jorge-martin-reaparecera-en-brno-tras-96-dias-de-baja-con-la-intencion-de-seguir-con-aprilia\/"},"modified":"2025-07-15T15:02:24","modified_gmt":"2025-07-15T15:02:24","slug":"jorge-martin-reaparecera-en-brno-tras-96-dias-de-baja-con-la-intencion-de-seguir-con-aprilia","status":"publish","type":"post","link":"https:\/\/trayectoriadeportiva.com\/index.php\/2025\/07\/15\/jorge-martin-reaparecera-en-brno-tras-96-dias-de-baja-con-la-intencion-de-seguir-con-aprilia\/","title":{"rendered":"Jorge Mart\u00edn reaparecer\u00e1 en Brno tras 96 d\u00edas de baja con la intenci\u00f3n de seguir con Aprilia"},"content":{"rendered":"<p>Casi tres meses despu\u00e9s de lesionarse gravemente en la carrera de Qatar, exactamente 96 d\u00edas de baja, Jorge Mart\u00edn volver\u00e1 a la competici\u00f3n este viernes en los primeros entrenamientos del GP de la Rep\u00fablica Checa en el recuperado circuito de Brno.\u00a0Mart\u00edn, que se ha probado en tests privados en Montmel\u00f3 y en Misano, recib\u00eda la aprobaci\u00f3n m\u00e9dica del doctor \u00c1ngel Charte en una revisi\u00f3n en Barcelona.<\/p>\n<p><a href=\"https:\/\/www.lavanguardia.com\/deportes\/20250715\/10892236\/motogp-reaparicion-jorge-martin-brno-gp-republica-checa-96-dias-baja-lesion-quedarse-seguir-aprilia.html\">Seguir leyendo&#8230;<\/a><\/p>","protected":false},"excerpt":{"rendered":"<p>Casi tres meses despu\u00e9s de lesionarse gravemente en la carrera de Qatar, exactamente 96 d\u00edas de baja, Jorge Mart\u00edn volver\u00e1 a la competici\u00f3n este viernes en los primeros entrenamientos del GP de la Rep\u00fablica Checa en el recuperado circuito de Brno.\u00a0Mart\u00edn, que se ha probado en tests privados en Montmel\u00f3 y en Misano, recib\u00eda la [&hellip;]<\/p>\n","protected":false},"author":1,"featured_media":31696,"comment_status":"","ping_status":"","sticky":false,"template":"","format":"standard","meta":{"_et_pb_use_builder":"","_et_pb_old_content":"","_et_gb_content_width":"","footnotes":""},"categories":[1],"tags":[],"class_list":["post-31695","post","type-post","status-publish","format-standard","has-post-thumbnail","hentry","category-blog","et-has-post-format-content","et_post_format-et-post-format-standard"],"_links":{"self":[{"href":"https:\/\/trayectoriadeportiva.com\/index.php\/wp-json\/wp\/v2\/posts\/31695","targetHints":{"allow":["GET"]}}],"collection":[{"href":"https:\/\/trayectoriadeportiva.com\/index.php\/wp-json\/wp\/v2\/posts"}],"about":[{"href":"https:\/\/trayectoriadeportiva.com\/index.php\/wp-json\/wp\/v2\/types\/post"}],"author":[{"embeddable":true,"href":"https:\/\/trayectoriadeportiva.com\/index.php\/wp-json\/wp\/v2\/users\/1"}],"replies":[{"embeddable":true,"href":"https:\/\/trayectoriadeportiva.com\/index.php\/wp-json\/wp\/v2\/comments?post=31695"}],"version-history":[{"count":0,"href":"https:\/\/trayectoriadeportiva.com\/index.php\/wp-json\/wp\/v2\/posts\/31695\/revisions"}],"wp:featuredmedia":[{"embeddable":true,"href":"https:\/\/trayectoriadeportiva.com\/index.php\/wp-json\/wp\/v2\/media\/31696"}],"wp:attachment":[{"href":"https:\/\/trayectoriadeportiva.com\/index.php\/wp-json\/wp\/v2\/media?parent=31695"}],"wp:term":[{"taxonomy":"category","embeddable":true,"href":"https:\/\/trayectoriadeportiva.com\/index.php\/wp-json\/wp\/v2\/categories?post=31695"},{"taxonomy":"post_tag","embeddable":true,"href":"https:\/\/trayectoriadeportiva.com\/index.php\/wp-json\/wp\/v2\/tags?post=31695"}],"curies":[{"name":"wp","href":"https:\/\/api.w.org\/{rel}","templated":true}]}}