{"id":31773,"date":"2025-07-18T04:00:00","date_gmt":"2025-07-18T04:00:00","guid":{"rendered":"https:\/\/trayectoriadeportiva.com\/index.php\/2025\/07\/18\/alan-pace-mete-al-espanyol-en-el-dilema-de-la-multipropiedad-o-el-modelo-red-bull-o-el-de-marinakis\/"},"modified":"2025-07-18T04:00:00","modified_gmt":"2025-07-18T04:00:00","slug":"alan-pace-mete-al-espanyol-en-el-dilema-de-la-multipropiedad-o-el-modelo-red-bull-o-el-de-marinakis","status":"publish","type":"post","link":"https:\/\/trayectoriadeportiva.com\/index.php\/2025\/07\/18\/alan-pace-mete-al-espanyol-en-el-dilema-de-la-multipropiedad-o-el-modelo-red-bull-o-el-de-marinakis\/","title":{"rendered":"Alan Pace mete al Espanyol en el dilema de la multipropiedad: o el modelo Red Bull o el de Marinakis"},"content":{"rendered":"<p>La nueva etapa en el Espanyol, en base a las experiencias de otras entidades, plantea dos modelos distintos de gesti\u00f3n: uno en el que hay un equipo predominante por encima de los dem\u00e1s y otro en el que act\u00faan de manera independiente. <a href=\"https:\/\/www.lavanguardia.com\/deportes\/rcde-espanyol\/primer-equipo\/20250714\/10887534\/grupo-vsl-nuevo-dueno-espanyol-rastar-tendra-acciones-holding.html\" title=\"Alan Pace, due\u00f1o del Burnley, compra el Espanyol a Rastar\">Seg\u00fan reflej\u00f3 la entidad blanquiazul en el comunicado<\/a> donde se anunciaba la venta al grupo Velocity Sport Limited, ambos clubs se mantendr\u00e1n \u201cal mismo nivel\u201d y los dos actuar\u00e1n \u201cde manera aut\u00f3noma\u201d.<\/p>\n<p><a href=\"https:\/\/www.lavanguardia.com\/deportes\/rcde-espanyol\/20250718\/10893821\/alan-pace-mete-espanyol-dilema-multipropiedad-modelo-red-bull-marinakis.html\">Seguir leyendo&#8230;<\/a><\/p>","protected":false},"excerpt":{"rendered":"<p>La nueva etapa en el Espanyol, en base a las experiencias de otras entidades, plantea dos modelos distintos de gesti\u00f3n: uno en el que hay un equipo predominante por encima de los dem\u00e1s y otro en el que act\u00faan de manera independiente. Seg\u00fan reflej\u00f3 la entidad blanquiazul en el comunicado donde se anunciaba la venta [&hellip;]<\/p>\n","protected":false},"author":1,"featured_media":31774,"comment_status":"","ping_status":"","sticky":false,"template":"","format":"standard","meta":{"_et_pb_use_builder":"","_et_pb_old_content":"","_et_gb_content_width":"","footnotes":""},"categories":[1],"tags":[],"class_list":["post-31773","post","type-post","status-publish","format-standard","has-post-thumbnail","hentry","category-blog","et-has-post-format-content","et_post_format-et-post-format-standard"],"_links":{"self":[{"href":"https:\/\/trayectoriadeportiva.com\/index.php\/wp-json\/wp\/v2\/posts\/31773","targetHints":{"allow":["GET"]}}],"collection":[{"href":"https:\/\/trayectoriadeportiva.com\/index.php\/wp-json\/wp\/v2\/posts"}],"about":[{"href":"https:\/\/trayectoriadeportiva.com\/index.php\/wp-json\/wp\/v2\/types\/post"}],"author":[{"embeddable":true,"href":"https:\/\/trayectoriadeportiva.com\/index.php\/wp-json\/wp\/v2\/users\/1"}],"replies":[{"embeddable":true,"href":"https:\/\/trayectoriadeportiva.com\/index.php\/wp-json\/wp\/v2\/comments?post=31773"}],"version-history":[{"count":0,"href":"https:\/\/trayectoriadeportiva.com\/index.php\/wp-json\/wp\/v2\/posts\/31773\/revisions"}],"wp:featuredmedia":[{"embeddable":true,"href":"https:\/\/trayectoriadeportiva.com\/index.php\/wp-json\/wp\/v2\/media\/31774"}],"wp:attachment":[{"href":"https:\/\/trayectoriadeportiva.com\/index.php\/wp-json\/wp\/v2\/media?parent=31773"}],"wp:term":[{"taxonomy":"category","embeddable":true,"href":"https:\/\/trayectoriadeportiva.com\/index.php\/wp-json\/wp\/v2\/categories?post=31773"},{"taxonomy":"post_tag","embeddable":true,"href":"https:\/\/trayectoriadeportiva.com\/index.php\/wp-json\/wp\/v2\/tags?post=31773"}],"curies":[{"name":"wp","href":"https:\/\/api.w.org\/{rel}","templated":true}]}}