{"id":31777,"date":"2025-07-18T09:08:31","date_gmt":"2025-07-18T09:08:31","guid":{"rendered":"https:\/\/trayectoriadeportiva.com\/index.php\/2025\/07\/18\/el-compromiso-de-anni-espar\/"},"modified":"2025-07-18T09:08:31","modified_gmt":"2025-07-18T09:08:31","slug":"el-compromiso-de-anni-espar","status":"publish","type":"post","link":"https:\/\/trayectoriadeportiva.com\/index.php\/2025\/07\/18\/el-compromiso-de-anni-espar\/","title":{"rendered":"El compromiso de Anni Espar"},"content":{"rendered":"<p>Desde que el 27 de diciembre del 2016 se subi\u00f3 a un avi\u00f3n rumbo a Sydney, para jugar en la Liga australiana de waterpolo y \u201cvivir una experiencia para crecer a nivel personal y deportivo\u201d, Anni Espar Llaquet (Barcelona, 1993) ha sido una<i> frequent traveller premium <\/i>de las compa\u00f1\u00edas a\u00e9reas. Nueve a\u00f1os despu\u00e9s, Anni es una pasajera habitual del tri\u00e1ngulo Barcelona-Brisbane-Sydney. Con escala ahora en Singapur, en el Mundial 2025, en el que se ha estrenado como capitana de la selecci\u00f3n espa\u00f1ola tras 16 a\u00f1os de compromiso.<\/p>\n<p><a href=\"https:\/\/www.lavanguardia.com\/deportes\/20250718\/10901202\/compromiso-anni-espar-waterpolo-rival-espana-cuartos-final.html\">Seguir leyendo&#8230;<\/a><\/p>","protected":false},"excerpt":{"rendered":"<p>Desde que el 27 de diciembre del 2016 se subi\u00f3 a un avi\u00f3n rumbo a Sydney, para jugar en la Liga australiana de waterpolo y \u201cvivir una experiencia para crecer a nivel personal y deportivo\u201d, Anni Espar Llaquet (Barcelona, 1993) ha sido una frequent traveller premium de las compa\u00f1\u00edas a\u00e9reas. Nueve a\u00f1os despu\u00e9s, Anni es [&hellip;]<\/p>\n","protected":false},"author":1,"featured_media":31778,"comment_status":"","ping_status":"","sticky":false,"template":"","format":"standard","meta":{"_et_pb_use_builder":"","_et_pb_old_content":"","_et_gb_content_width":"","footnotes":""},"categories":[1],"tags":[],"class_list":["post-31777","post","type-post","status-publish","format-standard","has-post-thumbnail","hentry","category-blog","et-has-post-format-content","et_post_format-et-post-format-standard"],"_links":{"self":[{"href":"https:\/\/trayectoriadeportiva.com\/index.php\/wp-json\/wp\/v2\/posts\/31777","targetHints":{"allow":["GET"]}}],"collection":[{"href":"https:\/\/trayectoriadeportiva.com\/index.php\/wp-json\/wp\/v2\/posts"}],"about":[{"href":"https:\/\/trayectoriadeportiva.com\/index.php\/wp-json\/wp\/v2\/types\/post"}],"author":[{"embeddable":true,"href":"https:\/\/trayectoriadeportiva.com\/index.php\/wp-json\/wp\/v2\/users\/1"}],"replies":[{"embeddable":true,"href":"https:\/\/trayectoriadeportiva.com\/index.php\/wp-json\/wp\/v2\/comments?post=31777"}],"version-history":[{"count":0,"href":"https:\/\/trayectoriadeportiva.com\/index.php\/wp-json\/wp\/v2\/posts\/31777\/revisions"}],"wp:featuredmedia":[{"embeddable":true,"href":"https:\/\/trayectoriadeportiva.com\/index.php\/wp-json\/wp\/v2\/media\/31778"}],"wp:attachment":[{"href":"https:\/\/trayectoriadeportiva.com\/index.php\/wp-json\/wp\/v2\/media?parent=31777"}],"wp:term":[{"taxonomy":"category","embeddable":true,"href":"https:\/\/trayectoriadeportiva.com\/index.php\/wp-json\/wp\/v2\/categories?post=31777"},{"taxonomy":"post_tag","embeddable":true,"href":"https:\/\/trayectoriadeportiva.com\/index.php\/wp-json\/wp\/v2\/tags?post=31777"}],"curies":[{"name":"wp","href":"https:\/\/api.w.org\/{rel}","templated":true}]}}