{"id":31894,"date":"2025-07-21T15:58:08","date_gmt":"2025-07-21T15:58:08","guid":{"rendered":"https:\/\/trayectoriadeportiva.com\/index.php\/2025\/07\/21\/el-jugador-del-espanyol-omar-el-hilali-no-duda-con-la-inmigracion-el-que-no-venga-a-trabajar-que-lo-devuelvan-a-su-pais\/"},"modified":"2025-07-21T15:58:08","modified_gmt":"2025-07-21T15:58:08","slug":"el-jugador-del-espanyol-omar-el-hilali-no-duda-con-la-inmigracion-el-que-no-venga-a-trabajar-que-lo-devuelvan-a-su-pais","status":"publish","type":"post","link":"https:\/\/trayectoriadeportiva.com\/index.php\/2025\/07\/21\/el-jugador-del-espanyol-omar-el-hilali-no-duda-con-la-inmigracion-el-que-no-venga-a-trabajar-que-lo-devuelvan-a-su-pais\/","title":{"rendered":"El jugador del Espanyol Omar El Hilali no duda con la inmigraci\u00f3n: \u201cEl que no venga a trabajar, que lo devuelvan a su pa\u00eds\u201d"},"content":{"rendered":"<p>Omar El Hilali, futbolista de padres marroqu\u00edes y de doble nacionalidad que se ha formado en <a href=\"https:\/\/www.lavanguardia.com\/deportes\/rcde-espanyol\/20250719\/10905964\/alan-pace-pronuncia-primera-vez-adquirir-espanyol-mi-silencio-signo-respeto.html\">la cantera del Espanyol<\/a> y que ahora es uno de los puntales del primer equipo, dio su punto de vista, en Betev\u00e9, sobre la inmigraci\u00f3n y algunas problem\u00e1ticas que se han generado \u00faltimamente, como la de Torre Pacheco.<\/p>\n<p><a href=\"https:\/\/www.lavanguardia.com\/deportes\/rcde-espanyol\/20250721\/10910625\/espanyol-omar-hilali-inmigracion.html\">Seguir leyendo&#8230;<\/a><\/p>","protected":false},"excerpt":{"rendered":"<p>Omar El Hilali, futbolista de padres marroqu\u00edes y de doble nacionalidad que se ha formado en la cantera del Espanyol y que ahora es uno de los puntales del primer equipo, dio su punto de vista, en Betev\u00e9, sobre la inmigraci\u00f3n y algunas problem\u00e1ticas que se han generado \u00faltimamente, como la de Torre Pacheco. Seguir [&hellip;]<\/p>\n","protected":false},"author":1,"featured_media":31895,"comment_status":"","ping_status":"","sticky":false,"template":"","format":"standard","meta":{"_et_pb_use_builder":"","_et_pb_old_content":"","_et_gb_content_width":"","footnotes":""},"categories":[1],"tags":[],"class_list":["post-31894","post","type-post","status-publish","format-standard","has-post-thumbnail","hentry","category-blog","et-has-post-format-content","et_post_format-et-post-format-standard"],"_links":{"self":[{"href":"https:\/\/trayectoriadeportiva.com\/index.php\/wp-json\/wp\/v2\/posts\/31894","targetHints":{"allow":["GET"]}}],"collection":[{"href":"https:\/\/trayectoriadeportiva.com\/index.php\/wp-json\/wp\/v2\/posts"}],"about":[{"href":"https:\/\/trayectoriadeportiva.com\/index.php\/wp-json\/wp\/v2\/types\/post"}],"author":[{"embeddable":true,"href":"https:\/\/trayectoriadeportiva.com\/index.php\/wp-json\/wp\/v2\/users\/1"}],"replies":[{"embeddable":true,"href":"https:\/\/trayectoriadeportiva.com\/index.php\/wp-json\/wp\/v2\/comments?post=31894"}],"version-history":[{"count":0,"href":"https:\/\/trayectoriadeportiva.com\/index.php\/wp-json\/wp\/v2\/posts\/31894\/revisions"}],"wp:featuredmedia":[{"embeddable":true,"href":"https:\/\/trayectoriadeportiva.com\/index.php\/wp-json\/wp\/v2\/media\/31895"}],"wp:attachment":[{"href":"https:\/\/trayectoriadeportiva.com\/index.php\/wp-json\/wp\/v2\/media?parent=31894"}],"wp:term":[{"taxonomy":"category","embeddable":true,"href":"https:\/\/trayectoriadeportiva.com\/index.php\/wp-json\/wp\/v2\/categories?post=31894"},{"taxonomy":"post_tag","embeddable":true,"href":"https:\/\/trayectoriadeportiva.com\/index.php\/wp-json\/wp\/v2\/tags?post=31894"}],"curies":[{"name":"wp","href":"https:\/\/api.w.org\/{rel}","templated":true}]}}