{"id":31940,"date":"2025-07-22T17:19:56","date_gmt":"2025-07-22T17:19:56","guid":{"rendered":"https:\/\/trayectoriadeportiva.com\/index.php\/2025\/07\/22\/tome-veo-al-equipo-fuerte-no-lo-veo-nervioso\/"},"modified":"2025-07-22T17:19:56","modified_gmt":"2025-07-22T17:19:56","slug":"tome-veo-al-equipo-fuerte-no-lo-veo-nervioso","status":"publish","type":"post","link":"https:\/\/trayectoriadeportiva.com\/index.php\/2025\/07\/22\/tome-veo-al-equipo-fuerte-no-lo-veo-nervioso\/","title":{"rendered":"Tom\u00e9: \u201cVeo al equipo fuerte, no lo veo nervioso\u201d"},"content":{"rendered":"<p>Alemania, ocho veces campe\u00f3n de Europa, ocho veces se ha estrellado Espa\u00f1a ante ella. Ese es el rival de semifinales. Ese el desaf\u00edo que la selecci\u00f3n debe superar en Zurich. Y la seleccionadora Montse Tom\u00e9 siente que su equipo est\u00e1 preparado para lograrlo al fin:<\/p>\n<p><a href=\"https:\/\/www.lavanguardia.com\/deportes\/futbol-femenino\/20250722\/10914676\/tome-veo-equipo-fuerte-veo-nervioso-espana-alemania-eurocopa.html\">Seguir leyendo&#8230;<\/a><\/p>","protected":false},"excerpt":{"rendered":"<p>Alemania, ocho veces campe\u00f3n de Europa, ocho veces se ha estrellado Espa\u00f1a ante ella. Ese es el rival de semifinales. Ese el desaf\u00edo que la selecci\u00f3n debe superar en Zurich. Y la seleccionadora Montse Tom\u00e9 siente que su equipo est\u00e1 preparado para lograrlo al fin: Seguir leyendo&#8230;<\/p>\n","protected":false},"author":1,"featured_media":31941,"comment_status":"","ping_status":"","sticky":false,"template":"","format":"standard","meta":{"_et_pb_use_builder":"","_et_pb_old_content":"","_et_gb_content_width":"","footnotes":""},"categories":[1],"tags":[],"class_list":["post-31940","post","type-post","status-publish","format-standard","has-post-thumbnail","hentry","category-blog","et-has-post-format-content","et_post_format-et-post-format-standard"],"_links":{"self":[{"href":"https:\/\/trayectoriadeportiva.com\/index.php\/wp-json\/wp\/v2\/posts\/31940","targetHints":{"allow":["GET"]}}],"collection":[{"href":"https:\/\/trayectoriadeportiva.com\/index.php\/wp-json\/wp\/v2\/posts"}],"about":[{"href":"https:\/\/trayectoriadeportiva.com\/index.php\/wp-json\/wp\/v2\/types\/post"}],"author":[{"embeddable":true,"href":"https:\/\/trayectoriadeportiva.com\/index.php\/wp-json\/wp\/v2\/users\/1"}],"replies":[{"embeddable":true,"href":"https:\/\/trayectoriadeportiva.com\/index.php\/wp-json\/wp\/v2\/comments?post=31940"}],"version-history":[{"count":0,"href":"https:\/\/trayectoriadeportiva.com\/index.php\/wp-json\/wp\/v2\/posts\/31940\/revisions"}],"wp:featuredmedia":[{"embeddable":true,"href":"https:\/\/trayectoriadeportiva.com\/index.php\/wp-json\/wp\/v2\/media\/31941"}],"wp:attachment":[{"href":"https:\/\/trayectoriadeportiva.com\/index.php\/wp-json\/wp\/v2\/media?parent=31940"}],"wp:term":[{"taxonomy":"category","embeddable":true,"href":"https:\/\/trayectoriadeportiva.com\/index.php\/wp-json\/wp\/v2\/categories?post=31940"},{"taxonomy":"post_tag","embeddable":true,"href":"https:\/\/trayectoriadeportiva.com\/index.php\/wp-json\/wp\/v2\/tags?post=31940"}],"curies":[{"name":"wp","href":"https:\/\/api.w.org\/{rel}","templated":true}]}}