{"id":31950,"date":"2025-07-23T04:00:00","date_gmt":"2025-07-23T04:00:00","guid":{"rendered":"https:\/\/trayectoriadeportiva.com\/index.php\/2025\/07\/23\/el-barca-pone-fecha-a-ter-stegen-para-que-se-opere\/"},"modified":"2025-07-23T04:00:00","modified_gmt":"2025-07-23T04:00:00","slug":"el-barca-pone-fecha-a-ter-stegen-para-que-se-opere","status":"publish","type":"post","link":"https:\/\/trayectoriadeportiva.com\/index.php\/2025\/07\/23\/el-barca-pone-fecha-a-ter-stegen-para-que-se-opere\/","title":{"rendered":"El Bar\u00e7a pone fecha a Ter Stegen para que se opere"},"content":{"rendered":"<p>No ha sido el mejor verano para Ter Stegen. Titular con Alemania en los dos partidos de la fase final de la Nations League, regres\u00f3 a Barcelona tras completar 180 minutos. Pero no volvi\u00f3 solo: tambi\u00e9n lo hizo con un panorama incierto. Por un lado, su futuro en la porter\u00eda azulgrana est\u00e1 en entredicho tras la llegada de Joan Garcia; por otro, sufre molestias persistentes en la zona lumbar que le han impedido entrenar con el grupo desde que comenz\u00f3 oficialmente la pretemporada blaugrana, el pasado 14 de junio.<\/p>\n<p><a href=\"https:\/\/www.lavanguardia.com\/deportes\/fc-barcelona\/20250723\/10914777\/barca-pone-fecha-ter-stegen-opere.html\">Seguir leyendo&#8230;<\/a><\/p>","protected":false},"excerpt":{"rendered":"<p>No ha sido el mejor verano para Ter Stegen. Titular con Alemania en los dos partidos de la fase final de la Nations League, regres\u00f3 a Barcelona tras completar 180 minutos. Pero no volvi\u00f3 solo: tambi\u00e9n lo hizo con un panorama incierto. Por un lado, su futuro en la porter\u00eda azulgrana est\u00e1 en entredicho tras [&hellip;]<\/p>\n","protected":false},"author":1,"featured_media":31951,"comment_status":"","ping_status":"","sticky":false,"template":"","format":"standard","meta":{"_et_pb_use_builder":"","_et_pb_old_content":"","_et_gb_content_width":"","footnotes":""},"categories":[1],"tags":[],"class_list":["post-31950","post","type-post","status-publish","format-standard","has-post-thumbnail","hentry","category-blog","et-has-post-format-content","et_post_format-et-post-format-standard"],"_links":{"self":[{"href":"https:\/\/trayectoriadeportiva.com\/index.php\/wp-json\/wp\/v2\/posts\/31950","targetHints":{"allow":["GET"]}}],"collection":[{"href":"https:\/\/trayectoriadeportiva.com\/index.php\/wp-json\/wp\/v2\/posts"}],"about":[{"href":"https:\/\/trayectoriadeportiva.com\/index.php\/wp-json\/wp\/v2\/types\/post"}],"author":[{"embeddable":true,"href":"https:\/\/trayectoriadeportiva.com\/index.php\/wp-json\/wp\/v2\/users\/1"}],"replies":[{"embeddable":true,"href":"https:\/\/trayectoriadeportiva.com\/index.php\/wp-json\/wp\/v2\/comments?post=31950"}],"version-history":[{"count":0,"href":"https:\/\/trayectoriadeportiva.com\/index.php\/wp-json\/wp\/v2\/posts\/31950\/revisions"}],"wp:featuredmedia":[{"embeddable":true,"href":"https:\/\/trayectoriadeportiva.com\/index.php\/wp-json\/wp\/v2\/media\/31951"}],"wp:attachment":[{"href":"https:\/\/trayectoriadeportiva.com\/index.php\/wp-json\/wp\/v2\/media?parent=31950"}],"wp:term":[{"taxonomy":"category","embeddable":true,"href":"https:\/\/trayectoriadeportiva.com\/index.php\/wp-json\/wp\/v2\/categories?post=31950"},{"taxonomy":"post_tag","embeddable":true,"href":"https:\/\/trayectoriadeportiva.com\/index.php\/wp-json\/wp\/v2\/tags?post=31950"}],"curies":[{"name":"wp","href":"https:\/\/api.w.org\/{rel}","templated":true}]}}