{"id":31956,"date":"2025-07-23T08:53:01","date_gmt":"2025-07-23T08:53:01","guid":{"rendered":"https:\/\/trayectoriadeportiva.com\/index.php\/2025\/07\/23\/messi-no-entrena-y-es-duda-para-el-all-star-de-la-mls\/"},"modified":"2025-07-23T08:53:01","modified_gmt":"2025-07-23T08:53:01","slug":"messi-no-entrena-y-es-duda-para-el-all-star-de-la-mls","status":"publish","type":"post","link":"https:\/\/trayectoriadeportiva.com\/index.php\/2025\/07\/23\/messi-no-entrena-y-es-duda-para-el-all-star-de-la-mls\/","title":{"rendered":"Messi no entrena y es duda para el All-Star de la MLS"},"content":{"rendered":"<p>Lionel Messi no ha participado en ninguna de las dos sesiones de entrenamiento del All-Star de la MLS y las dudas sobre su presencia sobrevuelan el partido de las estrellas en el que las figuras de esta competici\u00f3n se medir\u00e1n a las de la Liga mexicana. El estadio Q2 de Austin (Texas, EE.UU.) acoger\u00e1 este mi\u00e9rcoles a partir de las 20.00 horas (03 h del jueves en Espa\u00f1a) el partido del All-Star entre los mejores de la MLS y los de la Liga MX.<\/p>\n<p><a href=\"https:\/\/www.lavanguardia.com\/deportes\/futbol\/20250723\/10915800\/messi-entrena-duda-all-star-mls.html\">Seguir leyendo&#8230;<\/a><\/p>","protected":false},"excerpt":{"rendered":"<p>Lionel Messi no ha participado en ninguna de las dos sesiones de entrenamiento del All-Star de la MLS y las dudas sobre su presencia sobrevuelan el partido de las estrellas en el que las figuras de esta competici\u00f3n se medir\u00e1n a las de la Liga mexicana. El estadio Q2 de Austin (Texas, EE.UU.) acoger\u00e1 este [&hellip;]<\/p>\n","protected":false},"author":1,"featured_media":31957,"comment_status":"","ping_status":"","sticky":false,"template":"","format":"standard","meta":{"_et_pb_use_builder":"","_et_pb_old_content":"","_et_gb_content_width":"","footnotes":""},"categories":[1],"tags":[],"class_list":["post-31956","post","type-post","status-publish","format-standard","has-post-thumbnail","hentry","category-blog","et-has-post-format-content","et_post_format-et-post-format-standard"],"_links":{"self":[{"href":"https:\/\/trayectoriadeportiva.com\/index.php\/wp-json\/wp\/v2\/posts\/31956","targetHints":{"allow":["GET"]}}],"collection":[{"href":"https:\/\/trayectoriadeportiva.com\/index.php\/wp-json\/wp\/v2\/posts"}],"about":[{"href":"https:\/\/trayectoriadeportiva.com\/index.php\/wp-json\/wp\/v2\/types\/post"}],"author":[{"embeddable":true,"href":"https:\/\/trayectoriadeportiva.com\/index.php\/wp-json\/wp\/v2\/users\/1"}],"replies":[{"embeddable":true,"href":"https:\/\/trayectoriadeportiva.com\/index.php\/wp-json\/wp\/v2\/comments?post=31956"}],"version-history":[{"count":0,"href":"https:\/\/trayectoriadeportiva.com\/index.php\/wp-json\/wp\/v2\/posts\/31956\/revisions"}],"wp:featuredmedia":[{"embeddable":true,"href":"https:\/\/trayectoriadeportiva.com\/index.php\/wp-json\/wp\/v2\/media\/31957"}],"wp:attachment":[{"href":"https:\/\/trayectoriadeportiva.com\/index.php\/wp-json\/wp\/v2\/media?parent=31956"}],"wp:term":[{"taxonomy":"category","embeddable":true,"href":"https:\/\/trayectoriadeportiva.com\/index.php\/wp-json\/wp\/v2\/categories?post=31956"},{"taxonomy":"post_tag","embeddable":true,"href":"https:\/\/trayectoriadeportiva.com\/index.php\/wp-json\/wp\/v2\/tags?post=31956"}],"curies":[{"name":"wp","href":"https:\/\/api.w.org\/{rel}","templated":true}]}}