{"id":32207,"date":"2025-07-30T08:06:56","date_gmt":"2025-07-30T08:06:56","guid":{"rendered":"https:\/\/trayectoriadeportiva.com\/index.php\/2025\/07\/30\/hugo-rincon-primer-fichaje-para-el-girona-de-michel\/"},"modified":"2025-07-30T08:06:56","modified_gmt":"2025-07-30T08:06:56","slug":"hugo-rincon-primer-fichaje-para-el-girona-de-michel","status":"publish","type":"post","link":"https:\/\/trayectoriadeportiva.com\/index.php\/2025\/07\/30\/hugo-rincon-primer-fichaje-para-el-girona-de-michel\/","title":{"rendered":"Hugo Rinc\u00f3n, primer fichaje para el Girona de M\u00edchel"},"content":{"rendered":"<p>Hugo Rinc\u00f3n, lateral derecho de 22 a\u00f1os, se convirti\u00f3 este martes en la primera incorporaci\u00f3n del Girona al recalar en Montilivi cedido por el Athletic Club. El defensa navarro, nacido en el 2003, enlazar\u00e1 su segunda cesi\u00f3n y vivir\u00e1 su primera experiencia en la m\u00e1xima categor\u00eda del f\u00fatbol espa\u00f1ol despu\u00e9s de brillar en Segunda Divisi\u00f3n con la camiseta del Mirand\u00e9s.<\/p>\n<p><a href=\"https:\/\/www.lavanguardia.com\/deportes\/futbol\/20250730\/10936010\/hugo-rincon-primer-fichaje-girona-michel.html\">Seguir leyendo&#8230;<\/a><\/p>","protected":false},"excerpt":{"rendered":"<p>Hugo Rinc\u00f3n, lateral derecho de 22 a\u00f1os, se convirti\u00f3 este martes en la primera incorporaci\u00f3n del Girona al recalar en Montilivi cedido por el Athletic Club. El defensa navarro, nacido en el 2003, enlazar\u00e1 su segunda cesi\u00f3n y vivir\u00e1 su primera experiencia en la m\u00e1xima categor\u00eda del f\u00fatbol espa\u00f1ol despu\u00e9s de brillar en Segunda Divisi\u00f3n [&hellip;]<\/p>\n","protected":false},"author":1,"featured_media":32208,"comment_status":"","ping_status":"","sticky":false,"template":"","format":"standard","meta":{"_et_pb_use_builder":"","_et_pb_old_content":"","_et_gb_content_width":"","footnotes":""},"categories":[1],"tags":[],"class_list":["post-32207","post","type-post","status-publish","format-standard","has-post-thumbnail","hentry","category-blog","et-has-post-format-content","et_post_format-et-post-format-standard"],"_links":{"self":[{"href":"https:\/\/trayectoriadeportiva.com\/index.php\/wp-json\/wp\/v2\/posts\/32207","targetHints":{"allow":["GET"]}}],"collection":[{"href":"https:\/\/trayectoriadeportiva.com\/index.php\/wp-json\/wp\/v2\/posts"}],"about":[{"href":"https:\/\/trayectoriadeportiva.com\/index.php\/wp-json\/wp\/v2\/types\/post"}],"author":[{"embeddable":true,"href":"https:\/\/trayectoriadeportiva.com\/index.php\/wp-json\/wp\/v2\/users\/1"}],"replies":[{"embeddable":true,"href":"https:\/\/trayectoriadeportiva.com\/index.php\/wp-json\/wp\/v2\/comments?post=32207"}],"version-history":[{"count":0,"href":"https:\/\/trayectoriadeportiva.com\/index.php\/wp-json\/wp\/v2\/posts\/32207\/revisions"}],"wp:featuredmedia":[{"embeddable":true,"href":"https:\/\/trayectoriadeportiva.com\/index.php\/wp-json\/wp\/v2\/media\/32208"}],"wp:attachment":[{"href":"https:\/\/trayectoriadeportiva.com\/index.php\/wp-json\/wp\/v2\/media?parent=32207"}],"wp:term":[{"taxonomy":"category","embeddable":true,"href":"https:\/\/trayectoriadeportiva.com\/index.php\/wp-json\/wp\/v2\/categories?post=32207"},{"taxonomy":"post_tag","embeddable":true,"href":"https:\/\/trayectoriadeportiva.com\/index.php\/wp-json\/wp\/v2\/tags?post=32207"}],"curies":[{"name":"wp","href":"https:\/\/api.w.org\/{rel}","templated":true}]}}