{"id":32235,"date":"2025-07-30T19:24:58","date_gmt":"2025-07-30T19:24:58","guid":{"rendered":"https:\/\/trayectoriadeportiva.com\/index.php\/2025\/07\/30\/fichajes-por-fin-tras-hugo-rincon-llega-lemar-al-girona\/"},"modified":"2025-07-30T19:24:58","modified_gmt":"2025-07-30T19:24:58","slug":"fichajes-por-fin-tras-hugo-rincon-llega-lemar-al-girona","status":"publish","type":"post","link":"https:\/\/trayectoriadeportiva.com\/index.php\/2025\/07\/30\/fichajes-por-fin-tras-hugo-rincon-llega-lemar-al-girona\/","title":{"rendered":"Fichajes, por fin: tras Hugo Rinc\u00f3n, llega Lemar al Girona"},"content":{"rendered":"<p>El Girona ten\u00eda el dudoso honor, junto con la Real Sociedad, de ser el \u00fanico equipo de Primera que a\u00fan no hab\u00eda descorchado el tap\u00f3n de los siempre ilusionantes, y en el caso de los gironins tambi\u00e9n necesarios, fichajes de verano. La espera, de casi un mes donde solo se anunciaban salidas, acab\u00f3 con la incorporaci\u00f3n de Hugo Rinc\u00f3n.<\/p>\n<p><a href=\"https:\/\/www.lavanguardia.com\/deportes\/20250730\/10938866\/fichajes-hugo-rincon-lemar-girona-mercado-cedidos-montilivi-michel.html\">Seguir leyendo&#8230;<\/a><\/p>","protected":false},"excerpt":{"rendered":"<p>El Girona ten\u00eda el dudoso honor, junto con la Real Sociedad, de ser el \u00fanico equipo de Primera que a\u00fan no hab\u00eda descorchado el tap\u00f3n de los siempre ilusionantes, y en el caso de los gironins tambi\u00e9n necesarios, fichajes de verano. La espera, de casi un mes donde solo se anunciaban salidas, acab\u00f3 con la [&hellip;]<\/p>\n","protected":false},"author":1,"featured_media":32236,"comment_status":"","ping_status":"","sticky":false,"template":"","format":"standard","meta":{"_et_pb_use_builder":"","_et_pb_old_content":"","_et_gb_content_width":"","footnotes":""},"categories":[1],"tags":[],"class_list":["post-32235","post","type-post","status-publish","format-standard","has-post-thumbnail","hentry","category-blog","et-has-post-format-content","et_post_format-et-post-format-standard"],"_links":{"self":[{"href":"https:\/\/trayectoriadeportiva.com\/index.php\/wp-json\/wp\/v2\/posts\/32235","targetHints":{"allow":["GET"]}}],"collection":[{"href":"https:\/\/trayectoriadeportiva.com\/index.php\/wp-json\/wp\/v2\/posts"}],"about":[{"href":"https:\/\/trayectoriadeportiva.com\/index.php\/wp-json\/wp\/v2\/types\/post"}],"author":[{"embeddable":true,"href":"https:\/\/trayectoriadeportiva.com\/index.php\/wp-json\/wp\/v2\/users\/1"}],"replies":[{"embeddable":true,"href":"https:\/\/trayectoriadeportiva.com\/index.php\/wp-json\/wp\/v2\/comments?post=32235"}],"version-history":[{"count":0,"href":"https:\/\/trayectoriadeportiva.com\/index.php\/wp-json\/wp\/v2\/posts\/32235\/revisions"}],"wp:featuredmedia":[{"embeddable":true,"href":"https:\/\/trayectoriadeportiva.com\/index.php\/wp-json\/wp\/v2\/media\/32236"}],"wp:attachment":[{"href":"https:\/\/trayectoriadeportiva.com\/index.php\/wp-json\/wp\/v2\/media?parent=32235"}],"wp:term":[{"taxonomy":"category","embeddable":true,"href":"https:\/\/trayectoriadeportiva.com\/index.php\/wp-json\/wp\/v2\/categories?post=32235"},{"taxonomy":"post_tag","embeddable":true,"href":"https:\/\/trayectoriadeportiva.com\/index.php\/wp-json\/wp\/v2\/tags?post=32235"}],"curies":[{"name":"wp","href":"https:\/\/api.w.org\/{rel}","templated":true}]}}