{"id":32379,"date":"2025-08-04T03:55:00","date_gmt":"2025-08-04T03:55:00","guid":{"rendered":"https:\/\/trayectoriadeportiva.com\/index.php\/2025\/08\/04\/zurich-marato-barcelona-mucho-mas-que-correr-42-kilometros\/"},"modified":"2025-08-04T03:55:00","modified_gmt":"2025-08-04T03:55:00","slug":"zurich-marato-barcelona-mucho-mas-que-correr-42-kilometros","status":"publish","type":"post","link":"https:\/\/trayectoriadeportiva.com\/index.php\/2025\/08\/04\/zurich-marato-barcelona-mucho-mas-que-correr-42-kilometros\/","title":{"rendered":"Zurich Marat\u00f3 Barcelona: mucho m\u00e1s que correr 42 kil\u00f3metros"},"content":{"rendered":"<p>El\u202f15 de marzo de 2026, Barcelona volver\u00e1 a vibrar con uno de los mayores eventos deportivos populares del pa\u00eds: la\u202fZurich Marat\u00f3 Barcelona. Un d\u00eda en el que la ciudad se transforma por completo para acoger a los m\u00e1s de\u202f27.000 corredores y corredoras\u202f(con un\u202f30 % de participaci\u00f3n femenina), procedentes de\u202f109 nacionalidades diferentes, seg\u00fan cifras de la edici\u00f3n de 2025.<\/p>\n<p><a href=\"https:\/\/www.lavanguardia.com\/deportes\/20250804\/10936166\/zurich-marato-barcelona-mas-correr-42-kilometros-brl.html\">Seguir leyendo&#8230;<\/a><\/p>","protected":false},"excerpt":{"rendered":"<p>El\u202f15 de marzo de 2026, Barcelona volver\u00e1 a vibrar con uno de los mayores eventos deportivos populares del pa\u00eds: la\u202fZurich Marat\u00f3 Barcelona. Un d\u00eda en el que la ciudad se transforma por completo para acoger a los m\u00e1s de\u202f27.000 corredores y corredoras\u202f(con un\u202f30 % de participaci\u00f3n femenina), procedentes de\u202f109 nacionalidades diferentes, seg\u00fan cifras de la [&hellip;]<\/p>\n","protected":false},"author":1,"featured_media":32380,"comment_status":"","ping_status":"","sticky":false,"template":"","format":"standard","meta":{"_et_pb_use_builder":"","_et_pb_old_content":"","_et_gb_content_width":"","footnotes":""},"categories":[1],"tags":[],"class_list":["post-32379","post","type-post","status-publish","format-standard","has-post-thumbnail","hentry","category-blog","et-has-post-format-content","et_post_format-et-post-format-standard"],"_links":{"self":[{"href":"https:\/\/trayectoriadeportiva.com\/index.php\/wp-json\/wp\/v2\/posts\/32379","targetHints":{"allow":["GET"]}}],"collection":[{"href":"https:\/\/trayectoriadeportiva.com\/index.php\/wp-json\/wp\/v2\/posts"}],"about":[{"href":"https:\/\/trayectoriadeportiva.com\/index.php\/wp-json\/wp\/v2\/types\/post"}],"author":[{"embeddable":true,"href":"https:\/\/trayectoriadeportiva.com\/index.php\/wp-json\/wp\/v2\/users\/1"}],"replies":[{"embeddable":true,"href":"https:\/\/trayectoriadeportiva.com\/index.php\/wp-json\/wp\/v2\/comments?post=32379"}],"version-history":[{"count":0,"href":"https:\/\/trayectoriadeportiva.com\/index.php\/wp-json\/wp\/v2\/posts\/32379\/revisions"}],"wp:featuredmedia":[{"embeddable":true,"href":"https:\/\/trayectoriadeportiva.com\/index.php\/wp-json\/wp\/v2\/media\/32380"}],"wp:attachment":[{"href":"https:\/\/trayectoriadeportiva.com\/index.php\/wp-json\/wp\/v2\/media?parent=32379"}],"wp:term":[{"taxonomy":"category","embeddable":true,"href":"https:\/\/trayectoriadeportiva.com\/index.php\/wp-json\/wp\/v2\/categories?post=32379"},{"taxonomy":"post_tag","embeddable":true,"href":"https:\/\/trayectoriadeportiva.com\/index.php\/wp-json\/wp\/v2\/tags?post=32379"}],"curies":[{"name":"wp","href":"https:\/\/api.w.org\/{rel}","templated":true}]}}