{"id":32401,"date":"2025-08-05T08:10:47","date_gmt":"2025-08-05T08:10:47","guid":{"rendered":"https:\/\/trayectoriadeportiva.com\/index.php\/2025\/08\/05\/ter-stegen-no-firma-el-consentimiento-medico-y-el-barca-le-abre-un-expediente-disciplinario\/"},"modified":"2025-08-05T08:10:47","modified_gmt":"2025-08-05T08:10:47","slug":"ter-stegen-no-firma-el-consentimiento-medico-y-el-barca-le-abre-un-expediente-disciplinario","status":"publish","type":"post","link":"https:\/\/trayectoriadeportiva.com\/index.php\/2025\/08\/05\/ter-stegen-no-firma-el-consentimiento-medico-y-el-barca-le-abre-un-expediente-disciplinario\/","title":{"rendered":"Ter Stegen no firma el consentimiento m\u00e9dico y el Bar\u00e7a le abre un expediente disciplinario"},"content":{"rendered":"<p>El pulso contin\u00faa. Y cada vez es m\u00e1s intenso y de dif\u00edcil reparaci\u00f3n. Tal y como adelant\u00f3 <i>Mundo Deportivo <\/i>y pudo confirmar <i>La Vanguardia,<\/i> Ter Stegen, portero del FC Barcelona desde hace 10 a\u00f1os y primer capit\u00e1n del equipo, no ha querido firmar el consentimiento m\u00e9dico conforme su lesi\u00f3n de espalda es de larga duraci\u00f3n. Ahora el Barcelona quiere abrirle un expediente disciplinario que implicar\u00e1, entre otras cosas, retirarle el brazalete.<\/p>\n<p><a href=\"https:\/\/www.lavanguardia.com\/deportes\/fc-barcelona\/20250805\/10951716\/ter-stegen-firma-consentimiento-medico-barca-le-abre-expediente-disciplinario.html\">Seguir leyendo&#8230;<\/a><\/p>","protected":false},"excerpt":{"rendered":"<p>El pulso contin\u00faa. Y cada vez es m\u00e1s intenso y de dif\u00edcil reparaci\u00f3n. Tal y como adelant\u00f3 Mundo Deportivo y pudo confirmar La Vanguardia, Ter Stegen, portero del FC Barcelona desde hace 10 a\u00f1os y primer capit\u00e1n del equipo, no ha querido firmar el consentimiento m\u00e9dico conforme su lesi\u00f3n de espalda es de larga duraci\u00f3n. [&hellip;]<\/p>\n","protected":false},"author":1,"featured_media":32402,"comment_status":"","ping_status":"","sticky":false,"template":"","format":"standard","meta":{"_et_pb_use_builder":"","_et_pb_old_content":"","_et_gb_content_width":"","footnotes":""},"categories":[1],"tags":[],"class_list":["post-32401","post","type-post","status-publish","format-standard","has-post-thumbnail","hentry","category-blog","et-has-post-format-content","et_post_format-et-post-format-standard"],"_links":{"self":[{"href":"https:\/\/trayectoriadeportiva.com\/index.php\/wp-json\/wp\/v2\/posts\/32401","targetHints":{"allow":["GET"]}}],"collection":[{"href":"https:\/\/trayectoriadeportiva.com\/index.php\/wp-json\/wp\/v2\/posts"}],"about":[{"href":"https:\/\/trayectoriadeportiva.com\/index.php\/wp-json\/wp\/v2\/types\/post"}],"author":[{"embeddable":true,"href":"https:\/\/trayectoriadeportiva.com\/index.php\/wp-json\/wp\/v2\/users\/1"}],"replies":[{"embeddable":true,"href":"https:\/\/trayectoriadeportiva.com\/index.php\/wp-json\/wp\/v2\/comments?post=32401"}],"version-history":[{"count":0,"href":"https:\/\/trayectoriadeportiva.com\/index.php\/wp-json\/wp\/v2\/posts\/32401\/revisions"}],"wp:featuredmedia":[{"embeddable":true,"href":"https:\/\/trayectoriadeportiva.com\/index.php\/wp-json\/wp\/v2\/media\/32402"}],"wp:attachment":[{"href":"https:\/\/trayectoriadeportiva.com\/index.php\/wp-json\/wp\/v2\/media?parent=32401"}],"wp:term":[{"taxonomy":"category","embeddable":true,"href":"https:\/\/trayectoriadeportiva.com\/index.php\/wp-json\/wp\/v2\/categories?post=32401"},{"taxonomy":"post_tag","embeddable":true,"href":"https:\/\/trayectoriadeportiva.com\/index.php\/wp-json\/wp\/v2\/tags?post=32401"}],"curies":[{"name":"wp","href":"https:\/\/api.w.org\/{rel}","templated":true}]}}