{"id":32403,"date":"2025-08-05T09:53:04","date_gmt":"2025-08-05T09:53:04","guid":{"rendered":"https:\/\/trayectoriadeportiva.com\/index.php\/2025\/08\/05\/miguel-gutierrez-pone-rumbo-a-napoles\/"},"modified":"2025-08-05T09:53:04","modified_gmt":"2025-08-05T09:53:04","slug":"miguel-gutierrez-pone-rumbo-a-napoles","status":"publish","type":"post","link":"https:\/\/trayectoriadeportiva.com\/index.php\/2025\/08\/05\/miguel-gutierrez-pone-rumbo-a-napoles\/","title":{"rendered":"Miguel Guti\u00e9rrez pone rumbo a N\u00e1poles"},"content":{"rendered":"<p>El Girona viajar\u00e1 el s\u00e1bado a\u00a0Castel di Sangro, en Italia, para disputar el \u00faltimo amistoso contra el N\u00e1poles y es probable que en las filas napolitanas se encuentre su todav\u00eda jugador Miguel Guti\u00e9rrez. El lateral izquierdo tiene un acuerdo con el equipo italiano, seg\u00fan avanza el periodista Matteo Moretto, y solo falta el pacto entre clubs, que estar\u00e1 en torno a los 20 millones de traspaso.<\/p>\n<p><a href=\"https:\/\/www.lavanguardia.com\/deportes\/futbol\/20250805\/10952138\/miguel-gutierrez-pone-rumbo-napoles.html\">Seguir leyendo&#8230;<\/a><\/p>","protected":false},"excerpt":{"rendered":"<p>El Girona viajar\u00e1 el s\u00e1bado a\u00a0Castel di Sangro, en Italia, para disputar el \u00faltimo amistoso contra el N\u00e1poles y es probable que en las filas napolitanas se encuentre su todav\u00eda jugador Miguel Guti\u00e9rrez. El lateral izquierdo tiene un acuerdo con el equipo italiano, seg\u00fan avanza el periodista Matteo Moretto, y solo falta el pacto entre [&hellip;]<\/p>\n","protected":false},"author":1,"featured_media":32404,"comment_status":"","ping_status":"","sticky":false,"template":"","format":"standard","meta":{"_et_pb_use_builder":"","_et_pb_old_content":"","_et_gb_content_width":"","footnotes":""},"categories":[1],"tags":[],"class_list":["post-32403","post","type-post","status-publish","format-standard","has-post-thumbnail","hentry","category-blog","et-has-post-format-content","et_post_format-et-post-format-standard"],"_links":{"self":[{"href":"https:\/\/trayectoriadeportiva.com\/index.php\/wp-json\/wp\/v2\/posts\/32403","targetHints":{"allow":["GET"]}}],"collection":[{"href":"https:\/\/trayectoriadeportiva.com\/index.php\/wp-json\/wp\/v2\/posts"}],"about":[{"href":"https:\/\/trayectoriadeportiva.com\/index.php\/wp-json\/wp\/v2\/types\/post"}],"author":[{"embeddable":true,"href":"https:\/\/trayectoriadeportiva.com\/index.php\/wp-json\/wp\/v2\/users\/1"}],"replies":[{"embeddable":true,"href":"https:\/\/trayectoriadeportiva.com\/index.php\/wp-json\/wp\/v2\/comments?post=32403"}],"version-history":[{"count":0,"href":"https:\/\/trayectoriadeportiva.com\/index.php\/wp-json\/wp\/v2\/posts\/32403\/revisions"}],"wp:featuredmedia":[{"embeddable":true,"href":"https:\/\/trayectoriadeportiva.com\/index.php\/wp-json\/wp\/v2\/media\/32404"}],"wp:attachment":[{"href":"https:\/\/trayectoriadeportiva.com\/index.php\/wp-json\/wp\/v2\/media?parent=32403"}],"wp:term":[{"taxonomy":"category","embeddable":true,"href":"https:\/\/trayectoriadeportiva.com\/index.php\/wp-json\/wp\/v2\/categories?post=32403"},{"taxonomy":"post_tag","embeddable":true,"href":"https:\/\/trayectoriadeportiva.com\/index.php\/wp-json\/wp\/v2\/tags?post=32403"}],"curies":[{"name":"wp","href":"https:\/\/api.w.org\/{rel}","templated":true}]}}