{"id":32461,"date":"2025-08-07T13:43:30","date_gmt":"2025-08-07T13:43:30","guid":{"rendered":"https:\/\/trayectoriadeportiva.com\/index.php\/2025\/08\/07\/lamine-yamal-pedri-aitana-bonmati-y-alexia-putellas-nominados-al-balon-de-oro\/"},"modified":"2025-08-07T13:43:30","modified_gmt":"2025-08-07T13:43:30","slug":"lamine-yamal-pedri-aitana-bonmati-y-alexia-putellas-nominados-al-balon-de-oro","status":"publish","type":"post","link":"https:\/\/trayectoriadeportiva.com\/index.php\/2025\/08\/07\/lamine-yamal-pedri-aitana-bonmati-y-alexia-putellas-nominados-al-balon-de-oro\/","title":{"rendered":"Lamine Yamal, Pedri, Aitana Bonmat\u00ed y Alexia Putellas, nominados al Bal\u00f3n de Oro"},"content":{"rendered":"<p>El pr\u00f3ximo 22 de septiembre el f\u00fatbol tendr\u00e1 un nuevo Bal\u00f3n de Oro, y este jueves se han dado a conocer los nominados en cada categor\u00eda a recibir el galard\u00f3n m\u00e1s prestigioso del mundo del f\u00fatbol. Muchos espa\u00f1oles y espa\u00f1olas y del Bar\u00e7a, entre los que destacan Lamine Yamal y Pedri en categor\u00eda masculina y Aitana Bonmat\u00ed y Alexia Putellas en la femenina, pelear\u00e1n por los votos de los periodistas, que desde este jueves decidir\u00e1n quienes han sido los mejores del curso pasado.<\/p>\n<p><a href=\"https:\/\/www.lavanguardia.com\/deportes\/futbol\/20250807\/10958879\/lamine-yamal-pedri-aitana-bonmati-alexia-putellas-nominados-balon-de-oro.html\">Seguir leyendo&#8230;<\/a><\/p>","protected":false},"excerpt":{"rendered":"<p>El pr\u00f3ximo 22 de septiembre el f\u00fatbol tendr\u00e1 un nuevo Bal\u00f3n de Oro, y este jueves se han dado a conocer los nominados en cada categor\u00eda a recibir el galard\u00f3n m\u00e1s prestigioso del mundo del f\u00fatbol. Muchos espa\u00f1oles y espa\u00f1olas y del Bar\u00e7a, entre los que destacan Lamine Yamal y Pedri en categor\u00eda masculina y [&hellip;]<\/p>\n","protected":false},"author":1,"featured_media":32462,"comment_status":"","ping_status":"","sticky":false,"template":"","format":"standard","meta":{"_et_pb_use_builder":"","_et_pb_old_content":"","_et_gb_content_width":"","footnotes":""},"categories":[1],"tags":[],"class_list":["post-32461","post","type-post","status-publish","format-standard","has-post-thumbnail","hentry","category-blog","et-has-post-format-content","et_post_format-et-post-format-standard"],"_links":{"self":[{"href":"https:\/\/trayectoriadeportiva.com\/index.php\/wp-json\/wp\/v2\/posts\/32461","targetHints":{"allow":["GET"]}}],"collection":[{"href":"https:\/\/trayectoriadeportiva.com\/index.php\/wp-json\/wp\/v2\/posts"}],"about":[{"href":"https:\/\/trayectoriadeportiva.com\/index.php\/wp-json\/wp\/v2\/types\/post"}],"author":[{"embeddable":true,"href":"https:\/\/trayectoriadeportiva.com\/index.php\/wp-json\/wp\/v2\/users\/1"}],"replies":[{"embeddable":true,"href":"https:\/\/trayectoriadeportiva.com\/index.php\/wp-json\/wp\/v2\/comments?post=32461"}],"version-history":[{"count":0,"href":"https:\/\/trayectoriadeportiva.com\/index.php\/wp-json\/wp\/v2\/posts\/32461\/revisions"}],"wp:featuredmedia":[{"embeddable":true,"href":"https:\/\/trayectoriadeportiva.com\/index.php\/wp-json\/wp\/v2\/media\/32462"}],"wp:attachment":[{"href":"https:\/\/trayectoriadeportiva.com\/index.php\/wp-json\/wp\/v2\/media?parent=32461"}],"wp:term":[{"taxonomy":"category","embeddable":true,"href":"https:\/\/trayectoriadeportiva.com\/index.php\/wp-json\/wp\/v2\/categories?post=32461"},{"taxonomy":"post_tag","embeddable":true,"href":"https:\/\/trayectoriadeportiva.com\/index.php\/wp-json\/wp\/v2\/tags?post=32461"}],"curies":[{"name":"wp","href":"https:\/\/api.w.org\/{rel}","templated":true}]}}