{"id":32561,"date":"2025-08-11T04:00:00","date_gmt":"2025-08-11T04:00:00","guid":{"rendered":"https:\/\/trayectoriadeportiva.com\/index.php\/2025\/08\/11\/recordar-al-fundador\/"},"modified":"2025-08-11T04:00:00","modified_gmt":"2025-08-11T04:00:00","slug":"recordar-al-fundador","status":"publish","type":"post","link":"https:\/\/trayectoriadeportiva.com\/index.php\/2025\/08\/11\/recordar-al-fundador\/","title":{"rendered":"Recordar al fundador"},"content":{"rendered":"<p>Hay conexiones azarosas entre la vida de Joan Gamper y el momento actual del club. Gamper fue un caso de adaptaci\u00f3n generosa y grandeza filantr\u00f3pica con una interpretaci\u00f3n del pa\u00eds en el que decidi\u00f3 vivir. Se catalaniz\u00f3 el nombre, aprendi\u00f3 la lengua con una naturalidad que ya querr\u00edamos para muchos<i> expats <\/i>y profesionales llegados de otros pa\u00edses y demostr\u00f3 una audacia asociativa que, con sus propios medios, contradec\u00eda el clich\u00e9 de la taca\u00f1er\u00eda ind\u00edgena.<\/p>\n<p><a href=\"https:\/\/www.lavanguardia.com\/deportes\/20250811\/10965333\/recordar-fundador.html\">Seguir leyendo&#8230;<\/a><\/p>","protected":false},"excerpt":{"rendered":"<p>Hay conexiones azarosas entre la vida de Joan Gamper y el momento actual del club. Gamper fue un caso de adaptaci\u00f3n generosa y grandeza filantr\u00f3pica con una interpretaci\u00f3n del pa\u00eds en el que decidi\u00f3 vivir. Se catalaniz\u00f3 el nombre, aprendi\u00f3 la lengua con una naturalidad que ya querr\u00edamos para muchos expats y profesionales llegados de [&hellip;]<\/p>\n","protected":false},"author":1,"featured_media":32562,"comment_status":"","ping_status":"","sticky":false,"template":"","format":"standard","meta":{"_et_pb_use_builder":"","_et_pb_old_content":"","_et_gb_content_width":"","footnotes":""},"categories":[1],"tags":[],"class_list":["post-32561","post","type-post","status-publish","format-standard","has-post-thumbnail","hentry","category-blog","et-has-post-format-content","et_post_format-et-post-format-standard"],"_links":{"self":[{"href":"https:\/\/trayectoriadeportiva.com\/index.php\/wp-json\/wp\/v2\/posts\/32561","targetHints":{"allow":["GET"]}}],"collection":[{"href":"https:\/\/trayectoriadeportiva.com\/index.php\/wp-json\/wp\/v2\/posts"}],"about":[{"href":"https:\/\/trayectoriadeportiva.com\/index.php\/wp-json\/wp\/v2\/types\/post"}],"author":[{"embeddable":true,"href":"https:\/\/trayectoriadeportiva.com\/index.php\/wp-json\/wp\/v2\/users\/1"}],"replies":[{"embeddable":true,"href":"https:\/\/trayectoriadeportiva.com\/index.php\/wp-json\/wp\/v2\/comments?post=32561"}],"version-history":[{"count":0,"href":"https:\/\/trayectoriadeportiva.com\/index.php\/wp-json\/wp\/v2\/posts\/32561\/revisions"}],"wp:featuredmedia":[{"embeddable":true,"href":"https:\/\/trayectoriadeportiva.com\/index.php\/wp-json\/wp\/v2\/media\/32562"}],"wp:attachment":[{"href":"https:\/\/trayectoriadeportiva.com\/index.php\/wp-json\/wp\/v2\/media?parent=32561"}],"wp:term":[{"taxonomy":"category","embeddable":true,"href":"https:\/\/trayectoriadeportiva.com\/index.php\/wp-json\/wp\/v2\/categories?post=32561"},{"taxonomy":"post_tag","embeddable":true,"href":"https:\/\/trayectoriadeportiva.com\/index.php\/wp-json\/wp\/v2\/tags?post=32561"}],"curies":[{"name":"wp","href":"https:\/\/api.w.org\/{rel}","templated":true}]}}