{"id":32565,"date":"2025-08-11T04:00:00","date_gmt":"2025-08-11T04:00:00","guid":{"rendered":"https:\/\/trayectoriadeportiva.com\/index.php\/2025\/08\/11\/ander-garaiar-se-cuelga-el-oro-mas-deseado-despues-de-entrenar-en-un-carril-bici-y-cambiar-su-hoja-de-ruta-por-una-lesion\/"},"modified":"2025-08-11T04:00:00","modified_gmt":"2025-08-11T04:00:00","slug":"ander-garaiar-se-cuelga-el-oro-mas-deseado-despues-de-entrenar-en-un-carril-bici-y-cambiar-su-hoja-de-ruta-por-una-lesion","status":"publish","type":"post","link":"https:\/\/trayectoriadeportiva.com\/index.php\/2025\/08\/11\/ander-garaiar-se-cuelga-el-oro-mas-deseado-despues-de-entrenar-en-un-carril-bici-y-cambiar-su-hoja-de-ruta-por-una-lesion\/","title":{"rendered":"Ander Garaiar se cuelga el oro m\u00e1s deseado despu\u00e9s de entrenar en un carril bici y cambiar su hoja de ruta por una lesi\u00f3n"},"content":{"rendered":"<p>En ocasiones, la carrera de un deportista est\u00e1 marcada por situaciones imprevisibles que pueden truncar un sue\u00f1o o, como en este caso, hacerlo posible. Una lesi\u00f3n muscular en el mes de enero cambi\u00f3 la hoja de ruta de Ander Garaiar para el campeonato de Europa. Dej\u00f3 a un lado los 200 metros, su prueba estrella, y se centr\u00f3 en el 100. Competir en esa distancia le permiti\u00f3 redescubrirse como atleta y conseguir la primera medalla de oro continental para un atleta espa\u00f1ol en cualquier categor\u00eda de los 100 metros. El joven velocista vasco, de 18 a\u00f1os, se impuso el pasado viernes en la final disputada en la ciudad finlandesa de Tampere con un tiempo de 10s40.<\/p>\n<p><a href=\"https:\/\/www.lavanguardia.com\/deportes\/20250811\/10965289\/carril-bici-oro-mas-deseado.html\">Seguir leyendo&#8230;<\/a><\/p>","protected":false},"excerpt":{"rendered":"<p>En ocasiones, la carrera de un deportista est\u00e1 marcada por situaciones imprevisibles que pueden truncar un sue\u00f1o o, como en este caso, hacerlo posible. Una lesi\u00f3n muscular en el mes de enero cambi\u00f3 la hoja de ruta de Ander Garaiar para el campeonato de Europa. Dej\u00f3 a un lado los 200 metros, su prueba estrella, [&hellip;]<\/p>\n","protected":false},"author":1,"featured_media":32566,"comment_status":"","ping_status":"","sticky":false,"template":"","format":"standard","meta":{"_et_pb_use_builder":"","_et_pb_old_content":"","_et_gb_content_width":"","footnotes":""},"categories":[1],"tags":[],"class_list":["post-32565","post","type-post","status-publish","format-standard","has-post-thumbnail","hentry","category-blog","et-has-post-format-content","et_post_format-et-post-format-standard"],"_links":{"self":[{"href":"https:\/\/trayectoriadeportiva.com\/index.php\/wp-json\/wp\/v2\/posts\/32565","targetHints":{"allow":["GET"]}}],"collection":[{"href":"https:\/\/trayectoriadeportiva.com\/index.php\/wp-json\/wp\/v2\/posts"}],"about":[{"href":"https:\/\/trayectoriadeportiva.com\/index.php\/wp-json\/wp\/v2\/types\/post"}],"author":[{"embeddable":true,"href":"https:\/\/trayectoriadeportiva.com\/index.php\/wp-json\/wp\/v2\/users\/1"}],"replies":[{"embeddable":true,"href":"https:\/\/trayectoriadeportiva.com\/index.php\/wp-json\/wp\/v2\/comments?post=32565"}],"version-history":[{"count":0,"href":"https:\/\/trayectoriadeportiva.com\/index.php\/wp-json\/wp\/v2\/posts\/32565\/revisions"}],"wp:featuredmedia":[{"embeddable":true,"href":"https:\/\/trayectoriadeportiva.com\/index.php\/wp-json\/wp\/v2\/media\/32566"}],"wp:attachment":[{"href":"https:\/\/trayectoriadeportiva.com\/index.php\/wp-json\/wp\/v2\/media?parent=32565"}],"wp:term":[{"taxonomy":"category","embeddable":true,"href":"https:\/\/trayectoriadeportiva.com\/index.php\/wp-json\/wp\/v2\/categories?post=32565"},{"taxonomy":"post_tag","embeddable":true,"href":"https:\/\/trayectoriadeportiva.com\/index.php\/wp-json\/wp\/v2\/tags?post=32565"}],"curies":[{"name":"wp","href":"https:\/\/api.w.org\/{rel}","templated":true}]}}