{"id":32630,"date":"2025-08-13T12:05:50","date_gmt":"2025-08-13T12:05:50","guid":{"rendered":"https:\/\/trayectoriadeportiva.com\/index.php\/2025\/08\/13\/la-junta-directiva-del-barca-aprueba-presentar-a-laliga-un-aval-de-7-millones-para-inscribir-a-sus-futbolistas\/"},"modified":"2025-08-13T12:05:50","modified_gmt":"2025-08-13T12:05:50","slug":"la-junta-directiva-del-barca-aprueba-presentar-a-laliga-un-aval-de-7-millones-para-inscribir-a-sus-futbolistas","status":"publish","type":"post","link":"https:\/\/trayectoriadeportiva.com\/index.php\/2025\/08\/13\/la-junta-directiva-del-barca-aprueba-presentar-a-laliga-un-aval-de-7-millones-para-inscribir-a-sus-futbolistas\/","title":{"rendered":"La junta directiva del Bar\u00e7a aprueba presentar a LaLiga un aval de 7 millones para inscribir a sus futbolistas"},"content":{"rendered":"<p>La junta directiva del Barcelona ha aprobado por unanimidad este mediod\u00eda presentar a LaLiga un aval de 7 millones de euros. Tras una reuni\u00f3n extraordinaria realizada de forma telem\u00e1tica al encontrarse de vacaciones muchos de sus miembros la c\u00fapula blaugrana ha tomado esta medida. Seg\u00fan fuentes barcelonistas este aval debe servir para aumentar el l\u00edmite salarial y poder inscribir a los futbolistas de cara al inicio del campeonato, en el caso de que no salgan adelante las otras opciones que tiene el club abiertas o no son suficientes. Estas mismas fuentes desconocen a\u00fan si podr\u00e1n estar a disposici\u00f3n de Flick todos los que est\u00e1n pendientes de inscripci\u00f3n o no.<\/p>\n<p><a href=\"https:\/\/www.lavanguardia.com\/deportes\/fc-barcelona\/20250813\/10972696\/junta-directiva-barca-aprueba-presentar-laliga-aval-7-millones-inscribir-futbolistas.html\">Seguir leyendo&#8230;<\/a><\/p>","protected":false},"excerpt":{"rendered":"<p>La junta directiva del Barcelona ha aprobado por unanimidad este mediod\u00eda presentar a LaLiga un aval de 7 millones de euros. Tras una reuni\u00f3n extraordinaria realizada de forma telem\u00e1tica al encontrarse de vacaciones muchos de sus miembros la c\u00fapula blaugrana ha tomado esta medida. Seg\u00fan fuentes barcelonistas este aval debe servir para aumentar el l\u00edmite [&hellip;]<\/p>\n","protected":false},"author":1,"featured_media":32631,"comment_status":"","ping_status":"","sticky":false,"template":"","format":"standard","meta":{"_et_pb_use_builder":"","_et_pb_old_content":"","_et_gb_content_width":"","footnotes":""},"categories":[1],"tags":[],"class_list":["post-32630","post","type-post","status-publish","format-standard","has-post-thumbnail","hentry","category-blog","et-has-post-format-content","et_post_format-et-post-format-standard"],"_links":{"self":[{"href":"https:\/\/trayectoriadeportiva.com\/index.php\/wp-json\/wp\/v2\/posts\/32630","targetHints":{"allow":["GET"]}}],"collection":[{"href":"https:\/\/trayectoriadeportiva.com\/index.php\/wp-json\/wp\/v2\/posts"}],"about":[{"href":"https:\/\/trayectoriadeportiva.com\/index.php\/wp-json\/wp\/v2\/types\/post"}],"author":[{"embeddable":true,"href":"https:\/\/trayectoriadeportiva.com\/index.php\/wp-json\/wp\/v2\/users\/1"}],"replies":[{"embeddable":true,"href":"https:\/\/trayectoriadeportiva.com\/index.php\/wp-json\/wp\/v2\/comments?post=32630"}],"version-history":[{"count":0,"href":"https:\/\/trayectoriadeportiva.com\/index.php\/wp-json\/wp\/v2\/posts\/32630\/revisions"}],"wp:featuredmedia":[{"embeddable":true,"href":"https:\/\/trayectoriadeportiva.com\/index.php\/wp-json\/wp\/v2\/media\/32631"}],"wp:attachment":[{"href":"https:\/\/trayectoriadeportiva.com\/index.php\/wp-json\/wp\/v2\/media?parent=32630"}],"wp:term":[{"taxonomy":"category","embeddable":true,"href":"https:\/\/trayectoriadeportiva.com\/index.php\/wp-json\/wp\/v2\/categories?post=32630"},{"taxonomy":"post_tag","embeddable":true,"href":"https:\/\/trayectoriadeportiva.com\/index.php\/wp-json\/wp\/v2\/tags?post=32630"}],"curies":[{"name":"wp","href":"https:\/\/api.w.org\/{rel}","templated":true}]}}