{"id":32662,"date":"2025-08-14T17:38:20","date_gmt":"2025-08-14T17:38:20","guid":{"rendered":"https:\/\/trayectoriadeportiva.com\/index.php\/2025\/08\/14\/el-problema-de-las-inscripciones-harta-a-algunos-clubs-somos-el-hazmerreir-de-europa\/"},"modified":"2025-08-14T17:38:20","modified_gmt":"2025-08-14T17:38:20","slug":"el-problema-de-las-inscripciones-harta-a-algunos-clubs-somos-el-hazmerreir-de-europa","status":"publish","type":"post","link":"https:\/\/trayectoriadeportiva.com\/index.php\/2025\/08\/14\/el-problema-de-las-inscripciones-harta-a-algunos-clubs-somos-el-hazmerreir-de-europa\/","title":{"rendered":"El problema de las inscripciones harta a algunos clubs: \u201cSomos el hazmerre\u00edr de Europa\u201d"},"content":{"rendered":"<p>Los despachos de los equipos de la Liga espa\u00f1ola echan humo estas \u00faltimas horas para adaptarse al <i>fair play<\/i> financiero y estar dentro de la norma 1:1 con tal de poder inscribir a sus jugadores. Un problema que ha ido en aumento y que se ha pronunciado en las \u00faltimas horas ante la cantidad de inscripciones que todav\u00eda quedan pendientes. El caso m\u00e1s alarmante es el del Levante, que este mi\u00e9rcoles solamente ten\u00eda inscritos a seis jugadores (ahora ya cuenta con 10). Los clubs de LaLiga apuran al m\u00e1ximo sus opciones para inscribir a los futbolistas antes de que se produzca su debut en el campeonato dom\u00e9stico. Si no lo consiguen, el examen de recuperaci\u00f3n se extender\u00e1 hasta el 31 de agosto, \u00faltimo d\u00eda en el que las entidades pueden inscribir a sus futbolistas en la competici\u00f3n.<\/p>\n<p><a href=\"https:\/\/www.lavanguardia.com\/deportes\/futbol\/20250814\/10973483\/problema-inscripciones-mal-endemico-equipos-laliga.html\">Seguir leyendo&#8230;<\/a><\/p>","protected":false},"excerpt":{"rendered":"<p>Los despachos de los equipos de la Liga espa\u00f1ola echan humo estas \u00faltimas horas para adaptarse al fair play financiero y estar dentro de la norma 1:1 con tal de poder inscribir a sus jugadores. Un problema que ha ido en aumento y que se ha pronunciado en las \u00faltimas horas ante la cantidad de [&hellip;]<\/p>\n","protected":false},"author":1,"featured_media":32663,"comment_status":"","ping_status":"","sticky":false,"template":"","format":"standard","meta":{"_et_pb_use_builder":"","_et_pb_old_content":"","_et_gb_content_width":"","footnotes":""},"categories":[1],"tags":[],"class_list":["post-32662","post","type-post","status-publish","format-standard","has-post-thumbnail","hentry","category-blog","et-has-post-format-content","et_post_format-et-post-format-standard"],"_links":{"self":[{"href":"https:\/\/trayectoriadeportiva.com\/index.php\/wp-json\/wp\/v2\/posts\/32662","targetHints":{"allow":["GET"]}}],"collection":[{"href":"https:\/\/trayectoriadeportiva.com\/index.php\/wp-json\/wp\/v2\/posts"}],"about":[{"href":"https:\/\/trayectoriadeportiva.com\/index.php\/wp-json\/wp\/v2\/types\/post"}],"author":[{"embeddable":true,"href":"https:\/\/trayectoriadeportiva.com\/index.php\/wp-json\/wp\/v2\/users\/1"}],"replies":[{"embeddable":true,"href":"https:\/\/trayectoriadeportiva.com\/index.php\/wp-json\/wp\/v2\/comments?post=32662"}],"version-history":[{"count":0,"href":"https:\/\/trayectoriadeportiva.com\/index.php\/wp-json\/wp\/v2\/posts\/32662\/revisions"}],"wp:featuredmedia":[{"embeddable":true,"href":"https:\/\/trayectoriadeportiva.com\/index.php\/wp-json\/wp\/v2\/media\/32663"}],"wp:attachment":[{"href":"https:\/\/trayectoriadeportiva.com\/index.php\/wp-json\/wp\/v2\/media?parent=32662"}],"wp:term":[{"taxonomy":"category","embeddable":true,"href":"https:\/\/trayectoriadeportiva.com\/index.php\/wp-json\/wp\/v2\/categories?post=32662"},{"taxonomy":"post_tag","embeddable":true,"href":"https:\/\/trayectoriadeportiva.com\/index.php\/wp-json\/wp\/v2\/tags?post=32662"}],"curies":[{"name":"wp","href":"https:\/\/api.w.org\/{rel}","templated":true}]}}