{"id":32664,"date":"2025-08-14T22:00:00","date_gmt":"2025-08-14T22:00:00","guid":{"rendered":"https:\/\/trayectoriadeportiva.com\/index.php\/2025\/08\/14\/inscripcion-expres-el-barca-aprieta-para-registrar-a-rashford-y-joan-garcia-para-mallorca\/"},"modified":"2025-08-14T22:00:00","modified_gmt":"2025-08-14T22:00:00","slug":"inscripcion-expres-el-barca-aprieta-para-registrar-a-rashford-y-joan-garcia-para-mallorca","status":"publish","type":"post","link":"https:\/\/trayectoriadeportiva.com\/index.php\/2025\/08\/14\/inscripcion-expres-el-barca-aprieta-para-registrar-a-rashford-y-joan-garcia-para-mallorca\/","title":{"rendered":"Inscripci\u00f3n expr\u00e9s: el Bar\u00e7a aprieta para registrar a Rashford y Joan Garcia para Mallorca"},"content":{"rendered":"<p>Inmerso en la ya tradicional carrera contra el reloj para inscribir futbolistas en el \u00faltimo momento, el Barcelona sigue trabajando para que no solo Joan Garcia defienda la porter\u00eda el s\u00e1bado en Mallorca. La entidad tambi\u00e9n quiere que, en el debut liguero, <a href=\"https:\/\/www.lavanguardia.com\/deportes\/20250815\/10976926\/inscripcion-expres-barca-liga-rashford-joan-garcia-mallorca.html\"> <\/a>est\u00e9 disponible <a href=\"https:\/\/www.lavanguardia.com\/deportes\/fc-barcelona\/20250721\/10907750\/luchas-marcus-rashford-solidario-racismo-hambre-infantil-futbol-barca.html\" title=\"Las luchas de Marcus Rashford: f\u00fatbol, racismo y hambre infantil\">el delantero Marcus Rashford, cedido por el Manchester United hasta final de temporada. <\/a>El club quiere inscribir a su nuevo portero gracias a la baja de larga duraci\u00f3n de Ter Stegen. A Rashford se le registrar\u00e1 con los ahorros de las salidas y tambi\u00e9n con la carta del aval mancomunado de 7 millones aportado por la junta directiva que preside Joan Laporta.\u00a0<\/p>\n<p><a href=\"https:\/\/www.lavanguardia.com\/deportes\/20250815\/10976926\/inscripcion-expres-barca-liga-rashford-joan-garcia-mallorca.html\">Seguir leyendo&#8230;<\/a><\/p>","protected":false},"excerpt":{"rendered":"<p>Inmerso en la ya tradicional carrera contra el reloj para inscribir futbolistas en el \u00faltimo momento, el Barcelona sigue trabajando para que no solo Joan Garcia defienda la porter\u00eda el s\u00e1bado en Mallorca. La entidad tambi\u00e9n quiere que, en el debut liguero, est\u00e9 disponible el delantero Marcus Rashford, cedido por el Manchester United hasta final [&hellip;]<\/p>\n","protected":false},"author":1,"featured_media":32665,"comment_status":"","ping_status":"","sticky":false,"template":"","format":"standard","meta":{"_et_pb_use_builder":"","_et_pb_old_content":"","_et_gb_content_width":"","footnotes":""},"categories":[1],"tags":[],"class_list":["post-32664","post","type-post","status-publish","format-standard","has-post-thumbnail","hentry","category-blog","et-has-post-format-content","et_post_format-et-post-format-standard"],"_links":{"self":[{"href":"https:\/\/trayectoriadeportiva.com\/index.php\/wp-json\/wp\/v2\/posts\/32664","targetHints":{"allow":["GET"]}}],"collection":[{"href":"https:\/\/trayectoriadeportiva.com\/index.php\/wp-json\/wp\/v2\/posts"}],"about":[{"href":"https:\/\/trayectoriadeportiva.com\/index.php\/wp-json\/wp\/v2\/types\/post"}],"author":[{"embeddable":true,"href":"https:\/\/trayectoriadeportiva.com\/index.php\/wp-json\/wp\/v2\/users\/1"}],"replies":[{"embeddable":true,"href":"https:\/\/trayectoriadeportiva.com\/index.php\/wp-json\/wp\/v2\/comments?post=32664"}],"version-history":[{"count":0,"href":"https:\/\/trayectoriadeportiva.com\/index.php\/wp-json\/wp\/v2\/posts\/32664\/revisions"}],"wp:featuredmedia":[{"embeddable":true,"href":"https:\/\/trayectoriadeportiva.com\/index.php\/wp-json\/wp\/v2\/media\/32665"}],"wp:attachment":[{"href":"https:\/\/trayectoriadeportiva.com\/index.php\/wp-json\/wp\/v2\/media?parent=32664"}],"wp:term":[{"taxonomy":"category","embeddable":true,"href":"https:\/\/trayectoriadeportiva.com\/index.php\/wp-json\/wp\/v2\/categories?post=32664"},{"taxonomy":"post_tag","embeddable":true,"href":"https:\/\/trayectoriadeportiva.com\/index.php\/wp-json\/wp\/v2\/tags?post=32664"}],"curies":[{"name":"wp","href":"https:\/\/api.w.org\/{rel}","templated":true}]}}