{"id":32686,"date":"2025-08-15T11:05:07","date_gmt":"2025-08-15T11:05:07","guid":{"rendered":"https:\/\/trayectoriadeportiva.com\/index.php\/2025\/08\/15\/flick-las-inscripciones-no-estoy-contento-con-esta-situacion\/"},"modified":"2025-08-15T11:05:07","modified_gmt":"2025-08-15T11:05:07","slug":"flick-las-inscripciones-no-estoy-contento-con-esta-situacion","status":"publish","type":"post","link":"https:\/\/trayectoriadeportiva.com\/index.php\/2025\/08\/15\/flick-las-inscripciones-no-estoy-contento-con-esta-situacion\/","title":{"rendered":"Flick: \u201d\u00bfLas inscripciones? No estoy contento con esta situaci\u00f3n\u201d"},"content":{"rendered":"<p>Han pasado 83 d\u00edas desde que Hansi Flick compareci\u00f3 por \u00faltima vez en una sala de prensa. Fue en la previa del \u00faltimo partido liguero ante el Athletic Club, con el Bar\u00e7a ya coronado campe\u00f3n. Este 15 de agosto, el t\u00e9cnico alem\u00e1n reapareci\u00f3 para afrontar la primera comparecencia de su segundo a\u00f1o al frente del equipo. Lo hizo feliz, sonriente, con las pilas cargadas y\u00a0 respondiendo a 17 preguntas. \u201cVeremos qu\u00e9 pasa en esta segunda temporada\u201d, coment\u00f3 Flick, con ganas de empezar a competir. \u201cLo que puedo decir es que estamos trabajando much\u00edsimo. La calidad en los entrenamientos es la que busc\u00e1bamos y queremos seguir al mismo nivel\u201d, a\u00f1adi\u00f3.\u00a0<\/p>\n<p><a href=\"https:\/\/www.lavanguardia.com\/deportes\/fc-barcelona\/20250815\/10977857\/flick-inscripciones-inicio-liga-barca-mallorca.html\">Seguir leyendo&#8230;<\/a><\/p>","protected":false},"excerpt":{"rendered":"<p>Han pasado 83 d\u00edas desde que Hansi Flick compareci\u00f3 por \u00faltima vez en una sala de prensa. Fue en la previa del \u00faltimo partido liguero ante el Athletic Club, con el Bar\u00e7a ya coronado campe\u00f3n. Este 15 de agosto, el t\u00e9cnico alem\u00e1n reapareci\u00f3 para afrontar la primera comparecencia de su segundo a\u00f1o al frente del [&hellip;]<\/p>\n","protected":false},"author":1,"featured_media":32687,"comment_status":"","ping_status":"","sticky":false,"template":"","format":"standard","meta":{"_et_pb_use_builder":"","_et_pb_old_content":"","_et_gb_content_width":"","footnotes":""},"categories":[1],"tags":[],"class_list":["post-32686","post","type-post","status-publish","format-standard","has-post-thumbnail","hentry","category-blog","et-has-post-format-content","et_post_format-et-post-format-standard"],"_links":{"self":[{"href":"https:\/\/trayectoriadeportiva.com\/index.php\/wp-json\/wp\/v2\/posts\/32686","targetHints":{"allow":["GET"]}}],"collection":[{"href":"https:\/\/trayectoriadeportiva.com\/index.php\/wp-json\/wp\/v2\/posts"}],"about":[{"href":"https:\/\/trayectoriadeportiva.com\/index.php\/wp-json\/wp\/v2\/types\/post"}],"author":[{"embeddable":true,"href":"https:\/\/trayectoriadeportiva.com\/index.php\/wp-json\/wp\/v2\/users\/1"}],"replies":[{"embeddable":true,"href":"https:\/\/trayectoriadeportiva.com\/index.php\/wp-json\/wp\/v2\/comments?post=32686"}],"version-history":[{"count":0,"href":"https:\/\/trayectoriadeportiva.com\/index.php\/wp-json\/wp\/v2\/posts\/32686\/revisions"}],"wp:featuredmedia":[{"embeddable":true,"href":"https:\/\/trayectoriadeportiva.com\/index.php\/wp-json\/wp\/v2\/media\/32687"}],"wp:attachment":[{"href":"https:\/\/trayectoriadeportiva.com\/index.php\/wp-json\/wp\/v2\/media?parent=32686"}],"wp:term":[{"taxonomy":"category","embeddable":true,"href":"https:\/\/trayectoriadeportiva.com\/index.php\/wp-json\/wp\/v2\/categories?post=32686"},{"taxonomy":"post_tag","embeddable":true,"href":"https:\/\/trayectoriadeportiva.com\/index.php\/wp-json\/wp\/v2\/tags?post=32686"}],"curies":[{"name":"wp","href":"https:\/\/api.w.org\/{rel}","templated":true}]}}