{"id":32722,"date":"2025-08-15T22:33:24","date_gmt":"2025-08-15T22:33:24","guid":{"rendered":"https:\/\/trayectoriadeportiva.com\/index.php\/2025\/08\/15\/flick-el-magnifico-flotador-de-laporta-2\/"},"modified":"2025-08-15T22:33:24","modified_gmt":"2025-08-15T22:33:24","slug":"flick-el-magnifico-flotador-de-laporta-2","status":"publish","type":"post","link":"https:\/\/trayectoriadeportiva.com\/index.php\/2025\/08\/15\/flick-el-magnifico-flotador-de-laporta-2\/","title":{"rendered":"Flick, el magn\u00edfico flotador de Laporta"},"content":{"rendered":"<p>No es la presente una situaci\u00f3n nueva en el FC Barcelona: el primer equipo de f\u00fatbol masculino salvando los muebles de una directiva renqueante que se boicotea a s\u00ed misma procur\u00e1ndose crisis pr\u00e1cticamente a diario. El precedente m\u00e1s cercano lo encontramos en Josep Maria Bartomeu ganando las elecciones precisamente a Joan Laporta impulsado por el Bar\u00e7a del triplete comandado por Luis Enrique. No se me escandalicen por comparar a uno y otro mandatarios. De hecho, aunque la historiograf\u00eda cul\u00e9 dominante ha decido olvidarlo, fue Laporta quien abri\u00f3 la puerta del Bar\u00e7a de par en par a Bartomeu en su primer mandato (2003), invit\u00e1ndole a formar parte de su junta. Un repaso al verano con el que nos han deleitado los actuales jefes del palco amortigua la previsible perturbaci\u00f3n que pueda haber causado la comparaci\u00f3n de ambos personajes entre algunos barcelonistas de piel fina.<\/p>\n<p><a href=\"https:\/\/www.lavanguardia.com\/deportes\/20250816\/10979109\/flick-magnifico-flotador-laporta.html\">Seguir leyendo&#8230;<\/a><\/p>","protected":false},"excerpt":{"rendered":"<p>No es la presente una situaci\u00f3n nueva en el FC Barcelona: el primer equipo de f\u00fatbol masculino salvando los muebles de una directiva renqueante que se boicotea a s\u00ed misma procur\u00e1ndose crisis pr\u00e1cticamente a diario. El precedente m\u00e1s cercano lo encontramos en Josep Maria Bartomeu ganando las elecciones precisamente a Joan Laporta impulsado por el [&hellip;]<\/p>\n","protected":false},"author":1,"featured_media":32719,"comment_status":"","ping_status":"","sticky":false,"template":"","format":"standard","meta":{"_et_pb_use_builder":"","_et_pb_old_content":"","_et_gb_content_width":"","footnotes":""},"categories":[1],"tags":[],"class_list":["post-32722","post","type-post","status-publish","format-standard","has-post-thumbnail","hentry","category-blog","et-has-post-format-content","et_post_format-et-post-format-standard"],"_links":{"self":[{"href":"https:\/\/trayectoriadeportiva.com\/index.php\/wp-json\/wp\/v2\/posts\/32722","targetHints":{"allow":["GET"]}}],"collection":[{"href":"https:\/\/trayectoriadeportiva.com\/index.php\/wp-json\/wp\/v2\/posts"}],"about":[{"href":"https:\/\/trayectoriadeportiva.com\/index.php\/wp-json\/wp\/v2\/types\/post"}],"author":[{"embeddable":true,"href":"https:\/\/trayectoriadeportiva.com\/index.php\/wp-json\/wp\/v2\/users\/1"}],"replies":[{"embeddable":true,"href":"https:\/\/trayectoriadeportiva.com\/index.php\/wp-json\/wp\/v2\/comments?post=32722"}],"version-history":[{"count":0,"href":"https:\/\/trayectoriadeportiva.com\/index.php\/wp-json\/wp\/v2\/posts\/32722\/revisions"}],"wp:featuredmedia":[{"embeddable":true,"href":"https:\/\/trayectoriadeportiva.com\/index.php\/wp-json\/wp\/v2\/media\/32719"}],"wp:attachment":[{"href":"https:\/\/trayectoriadeportiva.com\/index.php\/wp-json\/wp\/v2\/media?parent=32722"}],"wp:term":[{"taxonomy":"category","embeddable":true,"href":"https:\/\/trayectoriadeportiva.com\/index.php\/wp-json\/wp\/v2\/categories?post=32722"},{"taxonomy":"post_tag","embeddable":true,"href":"https:\/\/trayectoriadeportiva.com\/index.php\/wp-json\/wp\/v2\/tags?post=32722"}],"curies":[{"name":"wp","href":"https:\/\/api.w.org\/{rel}","templated":true}]}}