{"id":32901,"date":"2025-08-21T06:50:30","date_gmt":"2025-08-21T06:50:30","guid":{"rendered":"https:\/\/trayectoriadeportiva.com\/index.php\/2025\/08\/21\/suspenden-el-partido-entre-independiente-y-universidad-de-chile-por-una-brutal-pelea-entre-hinchas\/"},"modified":"2025-08-21T06:50:30","modified_gmt":"2025-08-21T06:50:30","slug":"suspenden-el-partido-entre-independiente-y-universidad-de-chile-por-una-brutal-pelea-entre-hinchas","status":"publish","type":"post","link":"https:\/\/trayectoriadeportiva.com\/index.php\/2025\/08\/21\/suspenden-el-partido-entre-independiente-y-universidad-de-chile-por-una-brutal-pelea-entre-hinchas\/","title":{"rendered":"Suspenden el partido entre Independiente y Universidad de Chile por una brutal pelea entre hinchas"},"content":{"rendered":"<p>Episodio lamentable el que se ha vivido esta madrugada durante los octavos de final de la Copa Sudamericana, en el estadio Libertadores de Am\u00e9rica. Una brutal pelea entre los hinchas de Independiente y Universidad de Chile ha provocado la suspensi\u00f3n del partido, adem\u00e1s de diversos heridos de gravedad y altercados que han acabado con el arresto de cientos de personas.<\/p>\n<p><a href=\"https:\/\/www.lavanguardia.com\/deportes\/20250821\/10991016\/suspenden-partido-independiente-universidad-chile-brutal-pelea-hinchas.html\">Seguir leyendo&#8230;<\/a><\/p>","protected":false},"excerpt":{"rendered":"<p>Episodio lamentable el que se ha vivido esta madrugada durante los octavos de final de la Copa Sudamericana, en el estadio Libertadores de Am\u00e9rica. Una brutal pelea entre los hinchas de Independiente y Universidad de Chile ha provocado la suspensi\u00f3n del partido, adem\u00e1s de diversos heridos de gravedad y altercados que han acabado con el [&hellip;]<\/p>\n","protected":false},"author":1,"featured_media":32902,"comment_status":"","ping_status":"","sticky":false,"template":"","format":"standard","meta":{"_et_pb_use_builder":"","_et_pb_old_content":"","_et_gb_content_width":"","footnotes":""},"categories":[1],"tags":[],"class_list":["post-32901","post","type-post","status-publish","format-standard","has-post-thumbnail","hentry","category-blog","et-has-post-format-content","et_post_format-et-post-format-standard"],"_links":{"self":[{"href":"https:\/\/trayectoriadeportiva.com\/index.php\/wp-json\/wp\/v2\/posts\/32901","targetHints":{"allow":["GET"]}}],"collection":[{"href":"https:\/\/trayectoriadeportiva.com\/index.php\/wp-json\/wp\/v2\/posts"}],"about":[{"href":"https:\/\/trayectoriadeportiva.com\/index.php\/wp-json\/wp\/v2\/types\/post"}],"author":[{"embeddable":true,"href":"https:\/\/trayectoriadeportiva.com\/index.php\/wp-json\/wp\/v2\/users\/1"}],"replies":[{"embeddable":true,"href":"https:\/\/trayectoriadeportiva.com\/index.php\/wp-json\/wp\/v2\/comments?post=32901"}],"version-history":[{"count":0,"href":"https:\/\/trayectoriadeportiva.com\/index.php\/wp-json\/wp\/v2\/posts\/32901\/revisions"}],"wp:featuredmedia":[{"embeddable":true,"href":"https:\/\/trayectoriadeportiva.com\/index.php\/wp-json\/wp\/v2\/media\/32902"}],"wp:attachment":[{"href":"https:\/\/trayectoriadeportiva.com\/index.php\/wp-json\/wp\/v2\/media?parent=32901"}],"wp:term":[{"taxonomy":"category","embeddable":true,"href":"https:\/\/trayectoriadeportiva.com\/index.php\/wp-json\/wp\/v2\/categories?post=32901"},{"taxonomy":"post_tag","embeddable":true,"href":"https:\/\/trayectoriadeportiva.com\/index.php\/wp-json\/wp\/v2\/tags?post=32901"}],"curies":[{"name":"wp","href":"https:\/\/api.w.org\/{rel}","templated":true}]}}