{"id":32951,"date":"2025-08-23T04:00:00","date_gmt":"2025-08-23T04:00:00","guid":{"rendered":"https:\/\/trayectoriadeportiva.com\/index.php\/2025\/08\/23\/no-enfanden-a-hansi-flick\/"},"modified":"2025-08-23T04:00:00","modified_gmt":"2025-08-23T04:00:00","slug":"no-enfanden-a-hansi-flick","status":"publish","type":"post","link":"https:\/\/trayectoriadeportiva.com\/index.php\/2025\/08\/23\/no-enfanden-a-hansi-flick\/","title":{"rendered":"No enfanden a Hansi Flick"},"content":{"rendered":"<p>El rey de la improvisaci\u00f3n y el rey de la planificaci\u00f3n reman codo con codo desde hace poco m\u00e1s de un a\u00f1o en la olla expr\u00e9s que es siempre el Bar\u00e7a. Uno abrazado a su carisma (Joan Laporta) y el otro a su trabajo (Hansi Flick) cohabitan en un club que una vez m\u00e1s no ha tenido a todos sus futbolistas inscritos al inicio de la Liga y que no sabe ni siquiera en qu\u00e9 estadio jugar\u00e1 su primer encuentro como local de la temporada. Aparentemente el catal\u00e1n y el alem\u00e1n son como el agua y el aceite pero han mezclado de maravilla en cuanto a resultados deportivos se refiere. Laporta acert\u00f3 de pleno con la contrataci\u00f3n del entrenador y el t\u00e9cnico est\u00e1 encantado con la mayor\u00eda de sus futbolistas y con su vida diaria en Barcelona.<\/p>\n<p><a href=\"https:\/\/www.lavanguardia.com\/deportes\/fc-barcelona\/20250823\/10995820\/barcelona-flick-laporta-liga.html\">Seguir leyendo&#8230;<\/a><\/p>","protected":false},"excerpt":{"rendered":"<p>El rey de la improvisaci\u00f3n y el rey de la planificaci\u00f3n reman codo con codo desde hace poco m\u00e1s de un a\u00f1o en la olla expr\u00e9s que es siempre el Bar\u00e7a. Uno abrazado a su carisma (Joan Laporta) y el otro a su trabajo (Hansi Flick) cohabitan en un club que una vez m\u00e1s no [&hellip;]<\/p>\n","protected":false},"author":1,"featured_media":32952,"comment_status":"","ping_status":"","sticky":false,"template":"","format":"standard","meta":{"_et_pb_use_builder":"","_et_pb_old_content":"","_et_gb_content_width":"","footnotes":""},"categories":[1],"tags":[],"class_list":["post-32951","post","type-post","status-publish","format-standard","has-post-thumbnail","hentry","category-blog","et-has-post-format-content","et_post_format-et-post-format-standard"],"_links":{"self":[{"href":"https:\/\/trayectoriadeportiva.com\/index.php\/wp-json\/wp\/v2\/posts\/32951","targetHints":{"allow":["GET"]}}],"collection":[{"href":"https:\/\/trayectoriadeportiva.com\/index.php\/wp-json\/wp\/v2\/posts"}],"about":[{"href":"https:\/\/trayectoriadeportiva.com\/index.php\/wp-json\/wp\/v2\/types\/post"}],"author":[{"embeddable":true,"href":"https:\/\/trayectoriadeportiva.com\/index.php\/wp-json\/wp\/v2\/users\/1"}],"replies":[{"embeddable":true,"href":"https:\/\/trayectoriadeportiva.com\/index.php\/wp-json\/wp\/v2\/comments?post=32951"}],"version-history":[{"count":0,"href":"https:\/\/trayectoriadeportiva.com\/index.php\/wp-json\/wp\/v2\/posts\/32951\/revisions"}],"wp:featuredmedia":[{"embeddable":true,"href":"https:\/\/trayectoriadeportiva.com\/index.php\/wp-json\/wp\/v2\/media\/32952"}],"wp:attachment":[{"href":"https:\/\/trayectoriadeportiva.com\/index.php\/wp-json\/wp\/v2\/media?parent=32951"}],"wp:term":[{"taxonomy":"category","embeddable":true,"href":"https:\/\/trayectoriadeportiva.com\/index.php\/wp-json\/wp\/v2\/categories?post=32951"},{"taxonomy":"post_tag","embeddable":true,"href":"https:\/\/trayectoriadeportiva.com\/index.php\/wp-json\/wp\/v2\/tags?post=32951"}],"curies":[{"name":"wp","href":"https:\/\/api.w.org\/{rel}","templated":true}]}}