{"id":32971,"date":"2025-08-23T14:14:55","date_gmt":"2025-08-23T14:14:55","guid":{"rendered":"https:\/\/trayectoriadeportiva.com\/index.php\/2025\/08\/23\/el-city-se-desploma-ante-el-tottenham-0-2\/"},"modified":"2025-08-23T14:14:55","modified_gmt":"2025-08-23T14:14:55","slug":"el-city-se-desploma-ante-el-tottenham-0-2","status":"publish","type":"post","link":"https:\/\/trayectoriadeportiva.com\/index.php\/2025\/08\/23\/el-city-se-desploma-ante-el-tottenham-0-2\/","title":{"rendered":"El City se desploma ante el Tottenham (0-2)"},"content":{"rendered":"<p>Quedaban unos minutos para que terminara el partido del Etihad y el p\u00fablico comenz\u00f3 una desbandada. Decepci\u00f3n absoluta entre los aficionados del Manchester City, que vieron perder a su equipo en el estreno en casa en la Premier. Tras vencer en la primera jornada en el campo del Wolverhampton por 0-4 los hombres de Pep Guardiola exhibieron ineficacia e impotencia ante el Tottenham (0-2). No levantaron cabeza durante el partido y manifestaron la misma falta de energ\u00eda que la temporada pasada.<\/p>\n<p><a href=\"https:\/\/www.lavanguardia.com\/deportes\/futbol\/20250823\/10997107\/city-portero-tottenham-guardiola.html\">Seguir leyendo&#8230;<\/a><\/p>","protected":false},"excerpt":{"rendered":"<p>Quedaban unos minutos para que terminara el partido del Etihad y el p\u00fablico comenz\u00f3 una desbandada. Decepci\u00f3n absoluta entre los aficionados del Manchester City, que vieron perder a su equipo en el estreno en casa en la Premier. Tras vencer en la primera jornada en el campo del Wolverhampton por 0-4 los hombres de Pep [&hellip;]<\/p>\n","protected":false},"author":1,"featured_media":32972,"comment_status":"","ping_status":"","sticky":false,"template":"","format":"standard","meta":{"_et_pb_use_builder":"","_et_pb_old_content":"","_et_gb_content_width":"","footnotes":""},"categories":[1],"tags":[],"class_list":["post-32971","post","type-post","status-publish","format-standard","has-post-thumbnail","hentry","category-blog","et-has-post-format-content","et_post_format-et-post-format-standard"],"_links":{"self":[{"href":"https:\/\/trayectoriadeportiva.com\/index.php\/wp-json\/wp\/v2\/posts\/32971","targetHints":{"allow":["GET"]}}],"collection":[{"href":"https:\/\/trayectoriadeportiva.com\/index.php\/wp-json\/wp\/v2\/posts"}],"about":[{"href":"https:\/\/trayectoriadeportiva.com\/index.php\/wp-json\/wp\/v2\/types\/post"}],"author":[{"embeddable":true,"href":"https:\/\/trayectoriadeportiva.com\/index.php\/wp-json\/wp\/v2\/users\/1"}],"replies":[{"embeddable":true,"href":"https:\/\/trayectoriadeportiva.com\/index.php\/wp-json\/wp\/v2\/comments?post=32971"}],"version-history":[{"count":0,"href":"https:\/\/trayectoriadeportiva.com\/index.php\/wp-json\/wp\/v2\/posts\/32971\/revisions"}],"wp:featuredmedia":[{"embeddable":true,"href":"https:\/\/trayectoriadeportiva.com\/index.php\/wp-json\/wp\/v2\/media\/32972"}],"wp:attachment":[{"href":"https:\/\/trayectoriadeportiva.com\/index.php\/wp-json\/wp\/v2\/media?parent=32971"}],"wp:term":[{"taxonomy":"category","embeddable":true,"href":"https:\/\/trayectoriadeportiva.com\/index.php\/wp-json\/wp\/v2\/categories?post=32971"},{"taxonomy":"post_tag","embeddable":true,"href":"https:\/\/trayectoriadeportiva.com\/index.php\/wp-json\/wp\/v2\/tags?post=32971"}],"curies":[{"name":"wp","href":"https:\/\/api.w.org\/{rel}","templated":true}]}}