{"id":33025,"date":"2025-08-24T04:00:00","date_gmt":"2025-08-24T04:00:00","guid":{"rendered":"https:\/\/trayectoriadeportiva.com\/index.php\/2025\/08\/24\/hem-fet-el-cim-cuarenta-anos-del-primer-everest-catalan\/"},"modified":"2025-08-24T04:00:00","modified_gmt":"2025-08-24T04:00:00","slug":"hem-fet-el-cim-cuarenta-anos-del-primer-everest-catalan","status":"publish","type":"post","link":"https:\/\/trayectoriadeportiva.com\/index.php\/2025\/08\/24\/hem-fet-el-cim-cuarenta-anos-del-primer-everest-catalan\/","title":{"rendered":"\u201cHem fet el cim!\u201d Cuarenta a\u00f1os del primer Everest catal\u00e1n"},"content":{"rendered":"<p>\u201cAl cim del m\u00f3n es troba una altra vida\/ tenim els astres a les nostres plantes\/ de la tempesta al sol hi ha quatre passos\/ banya l\u2019anell la pedra de la for\u00e7a\/ la platja de la neu aplega rastres\/ i el mapa es troba al mig d\u2019un altre centre\u201d. Esta es la primera estrofa de la oda sextina escrita por el poeta Joan Brossa que \u00d2scar Cadiach ley\u00f3 la tarde del 28 de agosto de 1985 en la cima del Everest, despu\u00e9s de proclamar el hist\u00f3rico: \u201cHem fet el cim. Visca Catalunya!\u201d. Cuarenta a\u00f1os despu\u00e9s de que Cadiach, Carles Vall\u00e8s, Toni Sors, Narayan Shrestha, Ang Karma y Shambu Tamang pisaran sus 8.848,8 metros las cosas han cambiado radicalmente en el techo del mundo. Ellos eran los \u00fanicos en la cumbre: ahora, un d\u00eda de primavera se congregan centenares de personas en la monta\u00f1a m\u00e1s codiciada, con la ayuda de cuerdas fijas, de complacientes sherpas y conectadas a tutipl\u00e9n al providencial ox\u00edgeno artificial.<\/p>\n<p><a href=\"https:\/\/www.lavanguardia.com\/deportes\/20250824\/10994087\/hem-fet-cim-40-anos-primer-everest-catalunya.html\">Seguir leyendo&#8230;<\/a><\/p>","protected":false},"excerpt":{"rendered":"<p>\u201cAl cim del m\u00f3n es troba una altra vida\/ tenim els astres a les nostres plantes\/ de la tempesta al sol hi ha quatre passos\/ banya l\u2019anell la pedra de la for\u00e7a\/ la platja de la neu aplega rastres\/ i el mapa es troba al mig d\u2019un altre centre\u201d. Esta es la primera estrofa de [&hellip;]<\/p>\n","protected":false},"author":1,"featured_media":33026,"comment_status":"","ping_status":"","sticky":false,"template":"","format":"standard","meta":{"_et_pb_use_builder":"","_et_pb_old_content":"","_et_gb_content_width":"","footnotes":""},"categories":[1],"tags":[],"class_list":["post-33025","post","type-post","status-publish","format-standard","has-post-thumbnail","hentry","category-blog","et-has-post-format-content","et_post_format-et-post-format-standard"],"_links":{"self":[{"href":"https:\/\/trayectoriadeportiva.com\/index.php\/wp-json\/wp\/v2\/posts\/33025","targetHints":{"allow":["GET"]}}],"collection":[{"href":"https:\/\/trayectoriadeportiva.com\/index.php\/wp-json\/wp\/v2\/posts"}],"about":[{"href":"https:\/\/trayectoriadeportiva.com\/index.php\/wp-json\/wp\/v2\/types\/post"}],"author":[{"embeddable":true,"href":"https:\/\/trayectoriadeportiva.com\/index.php\/wp-json\/wp\/v2\/users\/1"}],"replies":[{"embeddable":true,"href":"https:\/\/trayectoriadeportiva.com\/index.php\/wp-json\/wp\/v2\/comments?post=33025"}],"version-history":[{"count":0,"href":"https:\/\/trayectoriadeportiva.com\/index.php\/wp-json\/wp\/v2\/posts\/33025\/revisions"}],"wp:featuredmedia":[{"embeddable":true,"href":"https:\/\/trayectoriadeportiva.com\/index.php\/wp-json\/wp\/v2\/media\/33026"}],"wp:attachment":[{"href":"https:\/\/trayectoriadeportiva.com\/index.php\/wp-json\/wp\/v2\/media?parent=33025"}],"wp:term":[{"taxonomy":"category","embeddable":true,"href":"https:\/\/trayectoriadeportiva.com\/index.php\/wp-json\/wp\/v2\/categories?post=33025"},{"taxonomy":"post_tag","embeddable":true,"href":"https:\/\/trayectoriadeportiva.com\/index.php\/wp-json\/wp\/v2\/tags?post=33025"}],"curies":[{"name":"wp","href":"https:\/\/api.w.org\/{rel}","templated":true}]}}