{"id":33165,"date":"2025-08-28T04:00:00","date_gmt":"2025-08-28T04:00:00","guid":{"rendered":"https:\/\/trayectoriadeportiva.com\/index.php\/2025\/08\/28\/los-miercoles-dan-mala-suerte\/"},"modified":"2025-08-28T04:00:00","modified_gmt":"2025-08-28T04:00:00","slug":"los-miercoles-dan-mala-suerte","status":"publish","type":"post","link":"https:\/\/trayectoriadeportiva.com\/index.php\/2025\/08\/28\/los-miercoles-dan-mala-suerte\/","title":{"rendered":"Los mi\u00e9rcoles dan mala suerte"},"content":{"rendered":"<p>En la mitolog\u00eda vikinga, el mi\u00e9rcoles se asocia al dios Odin, que da suerte en la guerra y es asociado con la poes\u00eda y la sabidur\u00eda; en la romana, con Mercurio, guardi\u00e1n de los muertos, al que se identifica con los viajes y los contempor\u00e1neos de S\u00e9neca consideraban ya un gran comunicador; en la tradici\u00f3n anglosajona es el d\u00eda de Woden, s\u00edmbolo de la elocuencia, y en el libro del G\u00e9nesis, Dios cre\u00f3 la Tierra, los mares y la vegetaci\u00f3n.<\/p>\n<p><a href=\"https:\/\/www.lavanguardia.com\/deportes\/20250828\/11007073\/miercoles-dan-mala-suerte.html\">Seguir leyendo&#8230;<\/a><\/p>","protected":false},"excerpt":{"rendered":"<p>En la mitolog\u00eda vikinga, el mi\u00e9rcoles se asocia al dios Odin, que da suerte en la guerra y es asociado con la poes\u00eda y la sabidur\u00eda; en la romana, con Mercurio, guardi\u00e1n de los muertos, al que se identifica con los viajes y los contempor\u00e1neos de S\u00e9neca consideraban ya un gran comunicador; en la tradici\u00f3n [&hellip;]<\/p>\n","protected":false},"author":1,"featured_media":33166,"comment_status":"","ping_status":"","sticky":false,"template":"","format":"standard","meta":{"_et_pb_use_builder":"","_et_pb_old_content":"","_et_gb_content_width":"","footnotes":""},"categories":[1],"tags":[],"class_list":["post-33165","post","type-post","status-publish","format-standard","has-post-thumbnail","hentry","category-blog","et-has-post-format-content","et_post_format-et-post-format-standard"],"_links":{"self":[{"href":"https:\/\/trayectoriadeportiva.com\/index.php\/wp-json\/wp\/v2\/posts\/33165","targetHints":{"allow":["GET"]}}],"collection":[{"href":"https:\/\/trayectoriadeportiva.com\/index.php\/wp-json\/wp\/v2\/posts"}],"about":[{"href":"https:\/\/trayectoriadeportiva.com\/index.php\/wp-json\/wp\/v2\/types\/post"}],"author":[{"embeddable":true,"href":"https:\/\/trayectoriadeportiva.com\/index.php\/wp-json\/wp\/v2\/users\/1"}],"replies":[{"embeddable":true,"href":"https:\/\/trayectoriadeportiva.com\/index.php\/wp-json\/wp\/v2\/comments?post=33165"}],"version-history":[{"count":0,"href":"https:\/\/trayectoriadeportiva.com\/index.php\/wp-json\/wp\/v2\/posts\/33165\/revisions"}],"wp:featuredmedia":[{"embeddable":true,"href":"https:\/\/trayectoriadeportiva.com\/index.php\/wp-json\/wp\/v2\/media\/33166"}],"wp:attachment":[{"href":"https:\/\/trayectoriadeportiva.com\/index.php\/wp-json\/wp\/v2\/media?parent=33165"}],"wp:term":[{"taxonomy":"category","embeddable":true,"href":"https:\/\/trayectoriadeportiva.com\/index.php\/wp-json\/wp\/v2\/categories?post=33165"},{"taxonomy":"post_tag","embeddable":true,"href":"https:\/\/trayectoriadeportiva.com\/index.php\/wp-json\/wp\/v2\/tags?post=33165"}],"curies":[{"name":"wp","href":"https:\/\/api.w.org\/{rel}","templated":true}]}}