{"id":3319,"date":"2023-11-27T16:51:08","date_gmt":"2023-11-27T16:51:08","guid":{"rendered":"https:\/\/trayectoriadeportiva.com\/index.php\/2023\/11\/27\/alexia-regresa-a-barcelona-y-paredes-se-queda-con-la-seleccion\/"},"modified":"2023-11-27T16:51:08","modified_gmt":"2023-11-27T16:51:08","slug":"alexia-regresa-a-barcelona-y-paredes-se-queda-con-la-seleccion","status":"publish","type":"post","link":"https:\/\/trayectoriadeportiva.com\/index.php\/2023\/11\/27\/alexia-regresa-a-barcelona-y-paredes-se-queda-con-la-seleccion\/","title":{"rendered":"Alexia regresa a Barcelona y Paredes se queda con la selecci\u00f3n"},"content":{"rendered":"<p>Tras ser valoradas por los servicios m\u00e9dicos de la selecci\u00f3n, Irene Paredes permanecer\u00e1 en la concentraci\u00f3n de Espa\u00f1a, mientras que Alexia Putellas podr\u00e1 regresar a Barcelona para seguir con su recuperaci\u00f3n. Las internacionales espa\u00f1olas estaban citadas esta ma\u00f1ana en Las Rozas (Madrid) para iniciar la \u00faltima concentraci\u00f3n del a\u00f1o, en la que se medir\u00e1n a Italia y Suecia con el pase a semifinales de la Nations League en juego.<\/p>\n<p><a href=\"https:\/\/www.lavanguardia.com\/deportes\/futbol-femenino\/20231127\/9410659\/alexia-regresa-barcelona-paredes-queda-seleccion.html\">Seguir leyendo&#8230;<\/a><\/p>","protected":false},"excerpt":{"rendered":"<p>Tras ser valoradas por los servicios m\u00e9dicos de la selecci\u00f3n, Irene Paredes permanecer\u00e1 en la concentraci\u00f3n de Espa\u00f1a, mientras que Alexia Putellas podr\u00e1 regresar a Barcelona para seguir con su recuperaci\u00f3n. Las internacionales espa\u00f1olas estaban citadas esta ma\u00f1ana en Las Rozas (Madrid) para iniciar la \u00faltima concentraci\u00f3n del a\u00f1o, en la que se medir\u00e1n a [&hellip;]<\/p>\n","protected":false},"author":0,"featured_media":3320,"comment_status":"","ping_status":"","sticky":false,"template":"","format":"standard","meta":{"_et_pb_use_builder":"","_et_pb_old_content":"","_et_gb_content_width":"","footnotes":""},"categories":[1],"tags":[],"class_list":["post-3319","post","type-post","status-publish","format-standard","has-post-thumbnail","hentry","category-blog","et-has-post-format-content","et_post_format-et-post-format-standard"],"_links":{"self":[{"href":"https:\/\/trayectoriadeportiva.com\/index.php\/wp-json\/wp\/v2\/posts\/3319","targetHints":{"allow":["GET"]}}],"collection":[{"href":"https:\/\/trayectoriadeportiva.com\/index.php\/wp-json\/wp\/v2\/posts"}],"about":[{"href":"https:\/\/trayectoriadeportiva.com\/index.php\/wp-json\/wp\/v2\/types\/post"}],"replies":[{"embeddable":true,"href":"https:\/\/trayectoriadeportiva.com\/index.php\/wp-json\/wp\/v2\/comments?post=3319"}],"version-history":[{"count":0,"href":"https:\/\/trayectoriadeportiva.com\/index.php\/wp-json\/wp\/v2\/posts\/3319\/revisions"}],"wp:featuredmedia":[{"embeddable":true,"href":"https:\/\/trayectoriadeportiva.com\/index.php\/wp-json\/wp\/v2\/media\/3320"}],"wp:attachment":[{"href":"https:\/\/trayectoriadeportiva.com\/index.php\/wp-json\/wp\/v2\/media?parent=3319"}],"wp:term":[{"taxonomy":"category","embeddable":true,"href":"https:\/\/trayectoriadeportiva.com\/index.php\/wp-json\/wp\/v2\/categories?post=3319"},{"taxonomy":"post_tag","embeddable":true,"href":"https:\/\/trayectoriadeportiva.com\/index.php\/wp-json\/wp\/v2\/tags?post=3319"}],"curies":[{"name":"wp","href":"https:\/\/api.w.org\/{rel}","templated":true}]}}