{"id":33303,"date":"2025-08-30T22:14:55","date_gmt":"2025-08-30T22:14:55","guid":{"rendered":"https:\/\/trayectoriadeportiva.com\/index.php\/2025\/08\/30\/vender-y-perder-el-encanto\/"},"modified":"2025-08-30T22:14:55","modified_gmt":"2025-08-30T22:14:55","slug":"vender-y-perder-el-encanto","status":"publish","type":"post","link":"https:\/\/trayectoriadeportiva.com\/index.php\/2025\/08\/30\/vender-y-perder-el-encanto\/","title":{"rendered":"Vender y perder el encanto"},"content":{"rendered":"<p>El encanto de un equipo reside en lazos invisibles, en ocasiones ajenos a la calidad de la plantilla, al n\u00famero de estrellas, incluso a los resultados, por espectaculares que sean. Digamos que es un aura et\u00e9rea que a veces redondea la imagen que se tiene de los grandes equipos, caso del Bar\u00e7a en estos tiempos felices.<\/p>\n<p><a href=\"https:\/\/www.lavanguardia.com\/deportes\/20250831\/11015102\/vender-perder-encanto.html\">Seguir leyendo&#8230;<\/a><\/p>","protected":false},"excerpt":{"rendered":"<p>El encanto de un equipo reside en lazos invisibles, en ocasiones ajenos a la calidad de la plantilla, al n\u00famero de estrellas, incluso a los resultados, por espectaculares que sean. Digamos que es un aura et\u00e9rea que a veces redondea la imagen que se tiene de los grandes equipos, caso del Bar\u00e7a en estos tiempos [&hellip;]<\/p>\n","protected":false},"author":1,"featured_media":33304,"comment_status":"","ping_status":"","sticky":false,"template":"","format":"standard","meta":{"_et_pb_use_builder":"","_et_pb_old_content":"","_et_gb_content_width":"","footnotes":""},"categories":[1],"tags":[],"class_list":["post-33303","post","type-post","status-publish","format-standard","has-post-thumbnail","hentry","category-blog","et-has-post-format-content","et_post_format-et-post-format-standard"],"_links":{"self":[{"href":"https:\/\/trayectoriadeportiva.com\/index.php\/wp-json\/wp\/v2\/posts\/33303","targetHints":{"allow":["GET"]}}],"collection":[{"href":"https:\/\/trayectoriadeportiva.com\/index.php\/wp-json\/wp\/v2\/posts"}],"about":[{"href":"https:\/\/trayectoriadeportiva.com\/index.php\/wp-json\/wp\/v2\/types\/post"}],"author":[{"embeddable":true,"href":"https:\/\/trayectoriadeportiva.com\/index.php\/wp-json\/wp\/v2\/users\/1"}],"replies":[{"embeddable":true,"href":"https:\/\/trayectoriadeportiva.com\/index.php\/wp-json\/wp\/v2\/comments?post=33303"}],"version-history":[{"count":0,"href":"https:\/\/trayectoriadeportiva.com\/index.php\/wp-json\/wp\/v2\/posts\/33303\/revisions"}],"wp:featuredmedia":[{"embeddable":true,"href":"https:\/\/trayectoriadeportiva.com\/index.php\/wp-json\/wp\/v2\/media\/33304"}],"wp:attachment":[{"href":"https:\/\/trayectoriadeportiva.com\/index.php\/wp-json\/wp\/v2\/media?parent=33303"}],"wp:term":[{"taxonomy":"category","embeddable":true,"href":"https:\/\/trayectoriadeportiva.com\/index.php\/wp-json\/wp\/v2\/categories?post=33303"},{"taxonomy":"post_tag","embeddable":true,"href":"https:\/\/trayectoriadeportiva.com\/index.php\/wp-json\/wp\/v2\/tags?post=33303"}],"curies":[{"name":"wp","href":"https:\/\/api.w.org\/{rel}","templated":true}]}}